{"id":10,"date":"2008-01-22T22:46:00","date_gmt":"2008-01-22T21:46:00","guid":{"rendered":"http:\/\/www.petera.se\/blog\/?p=10"},"modified":"2008-01-22T22:46:00","modified_gmt":"2008-01-22T21:46:00","slug":"oonskad-konsultativ-paverkan","status":"publish","type":"post","link":"https:\/\/www.petera.se\/blog\/oonskad-konsultativ-paverkan","title":{"rendered":"O\u00f6nskad konsultativ p\u00e5verkan"},"content":{"rendered":"<div>Hmmm&#8230; undrar hur jag fungerar som konsult. Jag kommer in i en grupp som \u00e4r i ett visst stadium. Mitt uppdrag \u00e4r att g\u00f6ra n\u00e5got med gruppen. De ska kanske skapa n\u00e5got tillsammans, l\u00e4ra sig n\u00e5got av mig eller kanske reflektera\u00a0\u00f6ver sin tillvaro och l\u00e4ra sig n\u00e5got om dem sj\u00e4lva. Individuellt och i grupp. Jag anv\u00e4nder metoder och verktyg f\u00f6r att hj\u00e4lpa dom med det, och s\u00e5 l\u00e5ngt \u00e4r allt v\u00e4l. Men hur p\u00e5verkar jag gruppen genom min blotta n\u00e4rvaro? Drar\u00a0jag\u00a0tillbaka dem till tidigare faser i grupp-processen bara genom att tr\u00e4da in i rummet? P\u00e5verkar jag dem genom att bara st\u00e5 d\u00e4r? <\/div>\n<div>Jag kanske utmanar den som alltid beh\u00f6ver veta mest men som n\u00e5tt en k\u00e4nsla av trygghet i sin grupp, och som nu rycks upp igen av en ok\u00e4nd person som p\u00e5st\u00e5r en massa saker. Det rycker i veta-b\u00e4st-nerven :) Mitt lugna och s\u00e4kra upptr\u00e4dande skr\u00e4mmer kanske den os\u00e4kre i gruppen.\u00a0Den personen\u00a0kanske k\u00e4nner r\u00e4dsla inf\u00f6r det ok\u00e4nda och \u00e4ndrar beteende. Kanske tystnar den h\u00e4r personen som i gruppen s\u00e5 sm\u00e5tt b\u00f6rjat sl\u00e4ppa fram sina k\u00e4nslor och \u00e5sikter. Det vore tr\u00e5kigt&#8230;eller&#8230;?<\/div>\n<div> <\/div>\n<div>H\u00e4r formas allts\u00e5 en enorm utmaning, f\u00f6r hur kan jag agera, hur kan jag bete mig och hur kan jag uttrycka mig f\u00f6r att snabbt f\u00e5 tillbaka gruppen till det stadium de var innan jag klev in i rummet. Vill jag det? Kanske inte i alla l\u00e4gen d\u00e5 gruppen hamnat i en o\u00f6nskad situation. D\u00e5 kan det vara bra att rycka upp dem och utmana dem f\u00f6r att se om det g\u00e5r att forma klotsarna p\u00e5 ett annat s\u00e4tt, men i m\u00e5nga fall d\u00e5 gruppen ska skapa ett inneh\u00e5ll tillsammans eller hitta en gemensam f\u00f6rst\u00e5else, d\u00e5 beh\u00f6vs ett klimat som de k\u00e4nner igen. N\u00e4r de kommer hem fr\u00e5n \u00f6vningen f\u00e5r den inte ha k\u00e4nts f\u00f6r avl\u00e4gsen eller fr\u00e4mmande, f\u00f6r annars riskerar effekterna fr\u00e5n arbetet eller workshopen att snabbt klinga av. <\/div>\n<div> <\/div>\n<div>F\u00f6rtroende \u00e4r ju en viktig spelpj\u00e4s tror jag. En tillit till mig som konsult, dels i kompetens och min f\u00f6rst\u00e5else, men ocks\u00e5 en tillit\u00a0till hur jag hanterar min\u00a0kunskap om dem. Jag arbetar ju f\u00f6r att lyfta fram ok\u00e4nda saker f\u00f6r dem att se tillsammans. Det \u00e4r inte alltid angen\u00e4ma saker, och det f\u00e5r under inga omst\u00e4ndigheter l\u00e4mna rummet. Det kr\u00e4ver en stark integritet fr\u00e5n mig som konsult, och det g\u00e4ller att \u00f6vertyga gruppen om detta. <\/div>\n<div>Att snabbt komma ner med gruppen i samtalsdjup \u00e4r ocks\u00e5 viktigt. D\u00e4r ligger f\u00f6rtroendet som en viktig parameter, och jag som konsult beh\u00f6ver f\u00e5 tilltr\u00e4de till de djupare hissniv\u00e5erna hos gruppen. Det \u00e4r ju en extra cool grej eftersom de s\u00e4kert har olika niv\u00e5er med varandra och det finns s\u00e4kert sm\u00e5 bubblor av niv\u00e5er d\u00e4r n\u00e5gra befinner sig tillsammans, d\u00e4r de kan prata om de andra, och det \u00e4r sannolikt en styrka om jag som konsult kan n\u00e4rma mig de niv\u00e5erna f\u00f6r att h\u00e4mta upp tr\u00e5dar att nysta i med gruppen. Vilket hiss\u00e5kande.<\/div>\n<div> <\/div>\n<div>Det h\u00e4r ska jag g\u00f6ra utan att g\u00f6ra v\u00e5ld p\u00e5 mig sj\u00e4lv och min egen integritet. Det \u00e4r l\u00e4tt att s\u00e4lja sitt eget djup f\u00f6r att n\u00e5 andras djup, men att ligga kvar p\u00e5 ett h\u00f6gre plan sj\u00e4lv, en mindre \u00f6ppenhet fr\u00e5n min sida, men \u00e4nd\u00e5 ha access till gruppdeltagarnas gemensamma djup. J\u00e4klar vad h\u00e4ftigt. Det vill jag testa&#8230;nu! <\/div>\n<div>F\u00e5r en minnesbild av johari f\u00f6nster. M\u00e5ste kika tillbaka p\u00e5 det. Hur var det nu igen med fasaden och arenan :)<\/div>\n<div> <\/div>\n<div>Samtidigt s\u00e5 \u00e4r ju kroppsspr\u00e5k och minspel en viktig pusselbit. Om jag kan l\u00e4sa deltagarnas reaktioner, och f\u00f6rs\u00f6ka s\u00e4tta mig in i deras k\u00e4nslor kan jag b\u00e4ttre f\u00f6rst\u00e5 hur de t\u00e4nker och hur de k\u00e4nner. Det ger en extra f\u00f6rst\u00e5else f\u00f6r hur jag kan styra workshoppen och om alla \u00e4r med eller ej. P\u00e5 samma g\u00e5ng p\u00e5verkar jag med mitt eget kroppsspr\u00e5k, minspel och ord. Det h\u00e4r ska jag bli b\u00e4ttre p\u00e5 eftersom jag \u00e4r \u00f6vertygad om att det \u00e4r anv\u00e4ndbart :)<\/div>\n","protected":false},"excerpt":{"rendered":"<p>Hmmm&#8230; undrar hur jag fungerar som konsult. Jag kommer in i en grupp som \u00e4r i ett visst stadium. Mitt uppdrag \u00e4r att g\u00f6ra n\u00e5got med gruppen. De ska kanske skapa n\u00e5got tillsammans, l\u00e4ra sig n\u00e5got av mig eller kanske reflektera\u00a0\u00f6ver sin tillvaro och l\u00e4ra sig n\u00e5got om dem sj\u00e4lva. Individuellt och i grupp. Jag&hellip;<\/p>\n","protected":false},"author":2,"featured_media":0,"comment_status":"open","ping_status":"open","sticky":false,"template":"","format":"standard","meta":{"ngg_post_thumbnail":0,"footnotes":""},"categories":[3],"tags":[],"class_list":["post-10","post","type-post","status-publish","format-standard","hentry","category-ledarskap"],"aioseo_notices":[],"_links":{"self":[{"href":"https:\/\/www.petera.se\/blog\/wp-json\/wp\/v2\/posts\/10","targetHints":{"allow":["GET"]}}],"collection":[{"href":"https:\/\/www.petera.se\/blog\/wp-json\/wp\/v2\/posts"}],"about":[{"href":"https:\/\/www.petera.se\/blog\/wp-json\/wp\/v2\/types\/post"}],"author":[{"embeddable":true,"href":"https:\/\/www.petera.se\/blog\/wp-json\/wp\/v2\/users\/2"}],"replies":[{"embeddable":true,"href":"https:\/\/www.petera.se\/blog\/wp-json\/wp\/v2\/comments?post=10"}],"version-history":[{"count":0,"href":"https:\/\/www.petera.se\/blog\/wp-json\/wp\/v2\/posts\/10\/revisions"}],"wp:attachment":[{"href":"https:\/\/www.petera.se\/blog\/wp-json\/wp\/v2\/media?parent=10"}],"wp:term":[{"taxonomy":"category","embeddable":true,"href":"https:\/\/www.petera.se\/blog\/wp-json\/wp\/v2\/categories?post=10"},{"taxonomy":"post_tag","embeddable":true,"href":"https:\/\/www.petera.se\/blog\/wp-json\/wp\/v2\/tags?post=10"}],"curies":[{"name":"wp","href":"https:\/\/api.w.org\/{rel}","templated":true}]}}