{"id":1048,"date":"2009-07-19T23:53:00","date_gmt":"2009-07-19T21:53:00","guid":{"rendered":"http:\/\/www.petera.se\/blog\/?p=1048"},"modified":"2009-07-19T23:53:00","modified_gmt":"2009-07-19T21:53:00","slug":"sommar-pa-gotland","status":"publish","type":"post","link":"https:\/\/www.petera.se\/blog\/sommar-pa-gotland","title":{"rendered":"Sommar p\u00e5 Gotland"},"content":{"rendered":"<p>Emedan\u00a0skyfallet intensivt regnar ner p\u00e5 vandrarhemstaket, som endast sommarov\u00e4der orkar g\u00f6ra, och jag med dagens fotosk\u00f6rd nyss inl\u00e4st p\u00e5 h\u00e5rddisken l\u00e4ttsamt och n\u00f6jd spelar mig genom n\u00e5gra ytterligare levlar p\u00e5 <a href=\"http:\/\/legendsofzork.com\" target=\"_blank\">Legends of Zork<\/a>, s\u00e4nder jag n\u00e5gra reflektioner \u00f6ver dagens upplevelser. Det som skulle bli en l\u00e5ng utflyktsdag med picknick och raukbes\u00f6k och kanske n\u00e5got strandbad, blev ist\u00e4llet en infektiv dag med apoteksbes\u00f6k f\u00f6r att skaffa \u00f6rh\u00e4ngesh\u00e5lsreng\u00f6ring och ett letande innanf\u00f6r ringmuren f\u00f6r att hitta en s\u00f6ndags\u00f6ppen smyckeshandlare som kunde s\u00e4lja n\u00e5gra enkla runda \u00f6rh\u00e4ngen som utbyte.<\/p>\n<p>S\u00f6kandet var f\u00f6rg\u00e4ves, men \u00f6ronen k\u00e4ndes b\u00e4ttre, s\u00e5 nya smycken skj\u00f6ts till m\u00e5ndagen. Magarna kurrade s\u00e5 ist\u00e4llet f\u00f6r att styra kosan norrut letade vi efter ett st\u00e4lle att \u00e4ta p\u00e5. Vi hittade till ett synbart fint st\u00e4lle som s\u00e5lde pannkakor, <a href=\"http:\/\/www.creperielogi.se\/\" target=\"_blank\">Creperi och Logi<\/a>, men efter att lydigt ha v\u00e4ntat vid st\u00e4ll-dig-h\u00e4r-skylten\u00a0f\u00f6r att f\u00e5 ett av de lediga borden utan att f\u00e5 en endaste blick eller kommentar av personalen, jag menar hey, \u00e4r det s\u00e5 sv\u00e5rt att s\u00e4ga ett litet <em>Jag kommer om ett litet \u00f6gonblick<\/em> s\u00e5 att man vet att man syns, gick vi vidare. Vi sladdade f\u00f6rbi n\u00e5n \u00e4cklig pastabuff\u00e9 med en enda seg sorts pasta och exakt likadana pastas\u00e5ser, \u00e4ven om skyltarna upplyste om n\u00e5gon sorts skillnad i smak och ingrediens, och sprang f\u00f6rbi en korvbar med flagnande sibyllaskyltar. Vi hann utanf\u00f6r muren vid \u00f6sterport n\u00e4r Mia pl\u00f6tsligt fokuserade p\u00e5 en liten oansenlig d\u00f6rr, med enda ledr\u00e5den att d\u00e4r bakom skulle rymmas ett cafe\u00a0i form av\u00a0en\u00a0liten skylt med \u00f6ppettider blygt\u00a0lutad m\u00f6t den uppst\u00e4llda\u00a0d\u00f6rren.<\/p>\n<p>Ibland blir man glad :) Efter en l\u00e5ng och bedr\u00f6vlig f\u00f6rmiddag hittade vi in till ett j\u00e4ttemysigt caf\u00e9, <a href=\"http:\/\/www.alltomgotland.se\/gotland-sokning-presentation.asp?id=1702&amp;bid=83\" target=\"_blank\">Caf\u00e9 Ringduvan<\/a>\u00a0<a href=\"http:\/\/maps.google.se\/maps?hl=sv&amp;num=100&amp;um=1&amp;ie=UTF-8&amp;q=cafe+ringduvan+visby&amp;fb=1&amp;split=1&amp;gl=se&amp;view=text&amp;latlng=1079848984856796329\" target=\"_blank\">karta<\/a>, med en sk\u00f6n atmosf\u00e4r och rej\u00e4lt trevlig personal :D Golvet lutade kraftigt, vi fick byta plats vid bordet s\u00e5 att inte barnen blev sj\u00f6sjuka, och golvplankorna knirrade n\u00e4r\u00a0personalen susade f\u00f6rbi f\u00f6r att\u00a0g\u00f6ra oss tillfreds, men det var endast till f\u00f6rdel. Vi blev v\u00e4nligt\u00a0omh\u00e4ndertagna, och trots att det blev mycket folk fick alla ett leende och snabb service. Vi fick snabbt det vi best\u00e4llt, och jag fastnade f\u00f6r Lasagne som jag varmt kan rekommendera\u00a0om ni har v\u00e4garna f\u00f6rbi. Jag sj\u00e4lv \u00e5t Bagel med lax som var supergod, men Emilias lasagne var sn\u00e4bbet vassare. Dock f\u00f6r liten f\u00f6r henne i barnstorlek :) Victora ville att jag skulle tipsa om pannkakorna med sylt som hon slukade p\u00e5 nolltid, och Mias chevr\u00e9macka var ett kanonalternativ enligt henne, \u00e4ven om jag sj\u00e4lv har sv\u00e5rt att f\u00f6rst\u00e5 hur\u00a0n\u00e5got med\u00a0getost kan landa p\u00e5 tio-i-topp ;)<\/p>\n<p>Eftersom jag tidigare haft negativa (en) recensioner av caf\u00e9er ville jag i och med denna h\u00e4rliga h\u00e4ndelse kvittera och tipsa om n\u00e5got riktigt bra, Caf\u00e9 Ringduvan i Visby allts\u00e5.<\/p>\n<p>Eftermiddagen blev en h\u00e4ftig ad-hoc-resa med <a href=\"http:\/\/www.lummelundagrottan.se\/\" target=\"_blank\">Lummelundagrottorna<\/a> fyllda med vatten och inte m\u00f6jliga att bes\u00f6ka, rauken <a href=\"http:\/\/www.lansstyrelsen.se\/gotland\/amnen\/Naturvard\/naturskyddade_omraden\/jungfrun.htm\" target=\"_blank\">Jungfrun<\/a> med den sp\u00e4nnande historien om olycklig k\u00e4rlek och ond br\u00e5d d\u00f6d, Bunge\u00a0d\u00e4r vi fikade inne i h\u00f6gtidsbyggnaden med en sk\u00f6n \u00f6ppen eld, <a href=\"http:\/\/www.gotland.net\/sv\/platser\/langhammars-raukomrade\" target=\"_blank\">Langhammars raukomr\u00e5de<\/a> p\u00e5 F\u00e5r\u00f6 som imponerade med sina sk\u00f6na klapperstenar och h\u00f6ga raukar. Vi hamnade till slut h\u00f6gst upp p\u00e5 F\u00e5r\u00f6 i Sudersand d\u00e4r vi k\u00e4kade p\u00e5 <a href=\"http:\/\/www.alltomgotland.se\/gotland-sokning-presentation.asp?bid=405&amp;id=1568\" target=\"_blank\">Carlssons Caf\u00e9<\/a>, en mysig och v\u00e4lbefolkad restaurang med vedugnsbakad pizza som var riktigt bra.<\/p>\n<p>Sent omsider kom vi sedan hem till regnet i <a href=\"http:\/\/www.klintewebben.se\/\" target=\"_blank\">Klintehamn<\/a>\u00a0efter en streckresa i 10,7 mil och 1h40min inklusive f\u00e4rjeresan. Det g\u00e5r inte snabbt att bila p\u00e5 Gotland. Tur att det \u00e4r korta avst\u00e5nd ;)\u00a0Men dagens beh\u00e5llning, Ringduvan i Visby,<\/p>\n<p>Innan vi \u00e5ker vidare p\u00e5 onsdag ska jag ha en egen portion lasagne :)<\/p>\n","protected":false},"excerpt":{"rendered":"<p>Emedan\u00a0skyfallet intensivt regnar ner p\u00e5 vandrarhemstaket, som endast sommarov\u00e4der orkar g\u00f6ra, och jag med dagens fotosk\u00f6rd nyss inl\u00e4st p\u00e5 h\u00e5rddisken l\u00e4ttsamt och n\u00f6jd spelar mig genom n\u00e5gra ytterligare levlar p\u00e5 Legends of Zork, s\u00e4nder jag n\u00e5gra reflektioner \u00f6ver dagens upplevelser. Det som skulle bli en l\u00e5ng utflyktsdag med picknick och raukbes\u00f6k och kanske n\u00e5got strandbad,&hellip;<\/p>\n","protected":false},"author":2,"featured_media":0,"comment_status":"open","ping_status":"open","sticky":false,"template":"","format":"standard","meta":{"ngg_post_thumbnail":0,"footnotes":""},"categories":[5,8],"tags":[629,633,634,559,632,112,635,630,631],"class_list":["post-1048","post","type-post","status-publish","format-standard","hentry","category-om-mig","category-varlden","tag-cafe","tag-faro","tag-klintehamn","tag-recension","tag-regn","tag-semester","tag-sudersand","tag-visby","tag-zork"],"aioseo_notices":[],"_links":{"self":[{"href":"https:\/\/www.petera.se\/blog\/wp-json\/wp\/v2\/posts\/1048","targetHints":{"allow":["GET"]}}],"collection":[{"href":"https:\/\/www.petera.se\/blog\/wp-json\/wp\/v2\/posts"}],"about":[{"href":"https:\/\/www.petera.se\/blog\/wp-json\/wp\/v2\/types\/post"}],"author":[{"embeddable":true,"href":"https:\/\/www.petera.se\/blog\/wp-json\/wp\/v2\/users\/2"}],"replies":[{"embeddable":true,"href":"https:\/\/www.petera.se\/blog\/wp-json\/wp\/v2\/comments?post=1048"}],"version-history":[{"count":2,"href":"https:\/\/www.petera.se\/blog\/wp-json\/wp\/v2\/posts\/1048\/revisions"}],"predecessor-version":[{"id":1050,"href":"https:\/\/www.petera.se\/blog\/wp-json\/wp\/v2\/posts\/1048\/revisions\/1050"}],"wp:attachment":[{"href":"https:\/\/www.petera.se\/blog\/wp-json\/wp\/v2\/media?parent=1048"}],"wp:term":[{"taxonomy":"category","embeddable":true,"href":"https:\/\/www.petera.se\/blog\/wp-json\/wp\/v2\/categories?post=1048"},{"taxonomy":"post_tag","embeddable":true,"href":"https:\/\/www.petera.se\/blog\/wp-json\/wp\/v2\/tags?post=1048"}],"curies":[{"name":"wp","href":"https:\/\/api.w.org\/{rel}","templated":true}]}}