{"id":1051,"date":"2009-08-11T22:38:47","date_gmt":"2009-08-11T20:38:47","guid":{"rendered":"http:\/\/www.petera.se\/blog\/?p=1051"},"modified":"2009-08-11T22:38:47","modified_gmt":"2009-08-11T20:38:47","slug":"im-back-suck","status":"publish","type":"post","link":"https:\/\/www.petera.se\/blog\/im-back-suck","title":{"rendered":"I&#8217;m back, suck"},"content":{"rendered":"<p>Fasen att ingen uppfunnit den o\u00e4ndliga semestern :) Jag lovar, jag skulle \u00e4lska den! Dagar med strandpicnick och ett korsord. V\u00e4rme och lyckog\u00f6rande sol. S\u00e5nt som jag kan t\u00e4nka mig att fylla mitt liv med. Trots att det varit regnigt och d\u00e5ligt v\u00e4der i juli, s\u00e5 har vi lyckats f\u00f6lja det varma v\u00e4dret runt Sverige. Hade en vecka med 25 grader i T\u00e4rnaby\/Hemavan f\u00f6rra veckan som var helt fantastisk. B\u00e4ck\u00f6ringsmete med tjejerna \u00e4r en ny h\u00f6jdare. Jag hann ju inte fiska n\u00e5t sj\u00e4lv, men att se deras glada miner n\u00e4r de fick \u00f6ring p\u00e5 kroken var en upplevelse, liksom den sura minen n\u00e4r syrran fick fler :) Konkurrens, vi kommer aldri ifr\u00e5n den :D<\/p>\n<p>Nu \u00e4r livet tillbaka p\u00e5 Storgatan 16 i den normala trallen, och som p\u00e5 ett trollslag kom magknipen tillbaka. Helkn\u00e4ppt. Inget ig\u00e5r, men i dag efter maten knep det till och sen hade jag en timmes magont. Bytte till den normala jogerten i morse, kanske det \u00e4r den!? Drack sjukliga m\u00e4ngder kaffe ig\u00e5r, kanske det \u00e4r d\u00e4r felet ligger!? Har suttit med bokslut och ekonomisk rapport f\u00f6r jul, det kan v\u00e4l inte vara det som sp\u00f6kar!? Jag ska f\u00f6ra lite statistik nu s\u00e5 f\u00e5r vi se ;)<\/p>\n<p>Och vilken m\u00e4rklig h\u00f6st det kommer att bli. Jag k\u00e4nner det p\u00e5 mig, och jag b\u00e4r p\u00e5 fler hemligheter nu \u00e4n jag gjort p\u00e5 l\u00e4nge. Jag \u00e4r r\u00e4tt v\u00e4rdel\u00f6s p\u00e5 hemlisar f\u00f6r jag har s\u00e5 d\u00e5ligt minne att jag gl\u00f6mmer bort att skilja p\u00e5 hemlisar och \u00f6ppen information, och vilka som \u00e4r delgivna och inte. Det g\u00f6r ibland att jag inte s\u00e4ger ett pip om n\u00e5t till n\u00e5n :) Jag \u00e4r s\u00e5lunda ganska s\u00e5 d\u00e5ligt p\u00e5 att skvallra&#8230; men som sagt, oj vad det kommer att h\u00e4nda grejer&#8230;<\/p>\n","protected":false},"excerpt":{"rendered":"<p>Fasen att ingen uppfunnit den o\u00e4ndliga semestern :) Jag lovar, jag skulle \u00e4lska den! Dagar med strandpicnick och ett korsord. V\u00e4rme och lyckog\u00f6rande sol. S\u00e5nt som jag kan t\u00e4nka mig att fylla mitt liv med. Trots att det varit regnigt och d\u00e5ligt v\u00e4der i juli, s\u00e5 har vi lyckats f\u00f6lja det varma v\u00e4dret runt Sverige.&hellip;<\/p>\n","protected":false},"author":2,"featured_media":0,"comment_status":"open","ping_status":"open","sticky":false,"template":"","format":"standard","meta":{"ngg_post_thumbnail":0,"footnotes":""},"categories":[5],"tags":[636,131,112],"class_list":["post-1051","post","type-post","status-publish","format-standard","hentry","category-om-mig","tag-hemligheter","tag-jobb","tag-semester"],"aioseo_notices":[],"_links":{"self":[{"href":"https:\/\/www.petera.se\/blog\/wp-json\/wp\/v2\/posts\/1051","targetHints":{"allow":["GET"]}}],"collection":[{"href":"https:\/\/www.petera.se\/blog\/wp-json\/wp\/v2\/posts"}],"about":[{"href":"https:\/\/www.petera.se\/blog\/wp-json\/wp\/v2\/types\/post"}],"author":[{"embeddable":true,"href":"https:\/\/www.petera.se\/blog\/wp-json\/wp\/v2\/users\/2"}],"replies":[{"embeddable":true,"href":"https:\/\/www.petera.se\/blog\/wp-json\/wp\/v2\/comments?post=1051"}],"version-history":[{"count":1,"href":"https:\/\/www.petera.se\/blog\/wp-json\/wp\/v2\/posts\/1051\/revisions"}],"predecessor-version":[{"id":1052,"href":"https:\/\/www.petera.se\/blog\/wp-json\/wp\/v2\/posts\/1051\/revisions\/1052"}],"wp:attachment":[{"href":"https:\/\/www.petera.se\/blog\/wp-json\/wp\/v2\/media?parent=1051"}],"wp:term":[{"taxonomy":"category","embeddable":true,"href":"https:\/\/www.petera.se\/blog\/wp-json\/wp\/v2\/categories?post=1051"},{"taxonomy":"post_tag","embeddable":true,"href":"https:\/\/www.petera.se\/blog\/wp-json\/wp\/v2\/tags?post=1051"}],"curies":[{"name":"wp","href":"https:\/\/api.w.org\/{rel}","templated":true}]}}