{"id":106,"date":"2008-06-06T07:22:55","date_gmt":"2008-06-06T05:22:55","guid":{"rendered":"http:\/\/www.petera.se\/blog\/?p=106"},"modified":"2008-11-26T23:35:01","modified_gmt":"2008-11-26T22:35:01","slug":"nationalistisk-yra-vilken-grupp-tillhor-du","status":"publish","type":"post","link":"https:\/\/www.petera.se\/blog\/nationalistisk-yra-vilken-grupp-tillhor-du","title":{"rendered":"Nationalistisk yra &#8211; vilken grupp tillh\u00f6r du?"},"content":{"rendered":"<p>Idag kommer vi att fira nationaldag. Oavsett alla debatter om nationaldagens vara eller icke vara, och dess status som allm\u00e4n helgdag i konungariket Sverige s\u00e5 tycker jag att det \u00e4r sk\u00f6nt att uppm\u00e4rksamma en dag som tydligg\u00f6r den grupp av m\u00e4nniskor som kallas svenskar :) En grupp som jag tillh\u00f6r, och som \u00e4r viktig f\u00f6r mig. Det \u00e4r en solklart en av de grupper som jag identifierar mig med, och som jag \u00e4r \u00f6vertygad om p\u00e5verkar mig kraftigt. Alla svenskar \u00e4r v\u00e4l distr\u00e4a, ombytliga och extremt anpassningsbara. Alla svenskar \u00e4r v\u00e4l snart 41 \u00e5r, f\u00e5f\u00e4nga och lite l\u00e4tt gr\u00e5h\u00e5riga :D Alla svenskar \u00e4r v\u00e4l punkt, linje, yta och volym samtidigt ;)<\/p>\n<p>Nej, sk\u00e4mt \u00e5sido, att tillh\u00f6ra en grupp \u00e4r viktigt f\u00f6r oss, se Maslow med flera. Det spelar ingen roll vem vi \u00e4r och var vi \u00e4r. Vi beh\u00f6ver en tillh\u00f6righet. Att vara svensk \u00e4r att tillh\u00f6ra en grupp. K\u00e4nslan \u00e4r sk\u00f6n eftersom jag vet att vi \u00e4r lite b\u00e4ttre \u00e4n alla andra :) B\u00e4ttre \u00e4n alla dom d\u00e4r ute som inte f\u00e5r vara med&#8230; oavsett om vi vann VM i ishockey eller inte (jag menar Z\u00e4ta vann ju Stanley Cup och blev slutspeletes mest v\u00e4rdefulle spelare och slog Crosby i po\u00e4ngligan ;). L\u00e4skigare \u00e4r att vi uppfattar oss som dom sn\u00e4lla, medan de andra d\u00e4rutanf\u00f6r uppfattas som dumma och elaka. Detta baserat p\u00e5 fantasier och f\u00f6rdomar, sj\u00e4lvklart, men det \u00e4r \u00e4nd\u00e5 en vital grund i grupperingen att in-gruppen \u00e4r sk\u00f6n och ut-gruppen \u00e4r hotfull. H\u00e4r f\u00f6ds embryon till ot\u00e4cka fr\u00e5n som jag vill f\u00f6rs\u00f6ka h\u00e5lla mig fri fr\u00e5n.<\/p>\n<p>Det som sl\u00e5r mig i nationaldagsyran \u00e4r dock inte huruvida det \u00e4r okej att vara svensk och p\u00e5 k\u00f6pet v\u00e4lja bort alla andra, utan det \u00e4r vilka grupper som \u00e4r viktigast och var jag l\u00e4gger den st\u00f6rsta identitetsvikten. Fr\u00e4mst \u00e4r det ett intressant perspektiv p\u00e5 jobbet. Kring vilka organisationsgr\u00e4nser, kompetensomr\u00e5den, kunder eller andra kriterier f\u00f6r grupperingar samlas vi och bildar starka grupper? Jag \u00e4r ju del av Sundsvall s\u00e5klart, men \u00e4r det starkare \u00e4n gruppen Konsulter? Beroende p\u00e5 viket av valen jag v\u00e4ljer agerar jag sannolikt olika. Det p\u00e5verkar mina relationer och min kommunikation. Jag har sannolikt en tendens att ing\u00e5 n\u00e4rmre och mer \u00f6ppna relationer i gruppen Sundsvall \u00e4n gruppen Konsulter om jag identifierar mig geografiskt. D\u00e5 s\u00e4tter jag orten fr\u00e4mst och kan prioritera bort konsultingframg\u00e5ngar f\u00f6r ortsframg\u00e5ngar. Om det g\u00e5r tv\u00e4rs emot organisationens m\u00e5ls\u00e4ttningar s\u00e5 har vi f\u00e5tt oss ett litet problem :)<\/p>\n<p>Och jag gjorde en riktigt cool \u00f6vning en g\u00e5ng. Har inte riktigt tid, men m\u00e5ste beskriva den. Testa den sj\u00e4lv, vetja&#8230; I Norge var vi 16 personer som delades in i tv\u00e5 segelb\u00e5tar. Varje b\u00e5t tilldelades en handledare och ett seglingsproffs. Vi seglade i 48 timmar nonstop under de f\u00f6rsta dagarna i februari i Bergens enormt vackra sk\u00e4rg\u00e5rd. Seglingen f\u00f6regicks av gemensam och individuell planering mellan de b\u00e5da b\u00e5tgrupperna om m\u00e5ls\u00e4ttningar och genomf\u00f6rande. Under seglingen gick vi\u00a0i skiftlag och byttes av p\u00e5 b\u00e5ten. Vi hade st\u00e4ndig radiokontakt mellan b\u00e5tarna och turades om att vara &#8221;ledarb\u00e5t&#8221;. Varje skift reflekterade \u00f6ver sin upplevelse p\u00e5 b\u00e5ten och sin relation med den andra b\u00e5ten efter varje pass.\u00a0<\/p>\n<p>L\u00e5t\u00a0mig s\u00e4ga\u00a0s\u00e5 h\u00e4r; det var ingen enkel resa :) Trots en i f\u00f6rv\u00e4g tydlig planering med klara m\u00e5l och definierade principer f\u00f6r kommunikation och agerande hamnade vi i konflikter inom b\u00e5tlagen, mellan b\u00e5tlag\u00a0p\u00e5 samma b\u00e5t och mellan b\u00e5tarna. Vi hade uppfattat f\u00f6ruts\u00e4ttningarna v\u00e4ldigt olika och vi hade m\u00e5lat upp v\u00e4ldigt olika bilder av vad vi skulle uppleva. Det ledde till orosmoment. Dessa situationer som uppstod\u00a0konstant, var och varannan\u00a0timme dygnet runt, f\u00f6rv\u00e4rrades sedan av det problematiska kommunicerandet. Med en radio \u00e4r man inte s\u00e5 effektiv. Vi s\u00e5g ju inte varandra utan satt ute p\u00e5 havet p\u00e5 tv\u00e5 h\u00e5ll och f\u00f6rs\u00f6kte f\u00f6rst\u00e5 varann mellan b\u00e5tarna medan konflikterna rasade p\u00e5 den egna b\u00e5ten.<\/p>\n<p>N\u00e5v\u00e4l, det h\u00e4nde mycket saker till havs. Men det roliga skedde n\u00e4r vi kommit tillbaka p\u00e5 land och f\u00e5tt sova ut en natt i en riktig s\u00e4ng. B\u00e5da grupperna fick var f\u00f6r sig samlas i\u00a0varsitt konferensrum och p\u00e5 bl\u00e4dderblock beskriva sin resa. Upplevelserna och h\u00e4ndelserna v\u00e4xte fram i b\u00e5de bilder och i text. Det stod oss grupper helt fritt att forma presentationen som vi ville. Det var j\u00e4ttekul, och att f\u00e5 reflektera i bilder och ord tillsammans med de andra fr\u00e5n samma b\u00e5t var fascinerande. Vi hade ju g\u00e5tt omlott med ett annat skiftlag och deras upplevelser var inte alltid samma som mitt skiftlag :) Mycket l\u00e4rorikt.<\/p>\n<p>D\u00e4refter fick b\u00e5da b\u00e5tarna i uppdrag att beskriva den andra b\u00e5tens segling! Vi skulle beskriva hur vi trodde att dom haft det, vilka upplevelser de haft och hur de hanterat v\u00e5r gemensamma m\u00e5lbild :) Nu blev det ju \u00e4nnu mer sp\u00e4nnande! Vi var dessutom otroligt \u00f6vertygade och \u00f6verens i v\u00e5r f\u00f6rdomsfulla och fantasirika uppfattning av den andra b\u00e5ten. De hade inte brytt sig om segling alls, ville hellre g\u00e5 p\u00e5 motor och ist\u00e4llet fokusera p\u00e5 god mat och allm\u00e4nt myspys. Vi ville ju segla, och det var ju det vi varit \u00f6verens om. Vi ville ut till havet medan de ville puttra inomsk\u00e4rs. De hade beg\u00e5tt avtalsbrott och gjort myteri, och vi var s\u00e4kra p\u00e5 att det hade haft m\u00e4ngder av konflikter d\u00e4r handledarna tappat kontrollen. Bilderna fl\u00f6dade och orden haglade. S\u00e5 h\u00e4r hade de haft det!<\/p>\n<p>N\u00e4r vi v\u00e4l sl\u00e4pptes tillsammans fick vi s\u00e4tta upp v\u00e5ra bl\u00e4dderblock l\u00e4ngs v\u00e4ggarna. Ena b\u00e5ten p\u00e5 ena sidan rummet, och andra b\u00e5ten p\u00e5 andra sidan rummet. Vi fick presentera v\u00e5ra teckningar och ber\u00e4ttelser f\u00f6r varandra, st\u00e5ende vid respektive bl\u00e4dderblocksblad. Det \u00e4r ingen underdrift att n\u00e4mna att vi hade g\u00e5tt p\u00e5 en mina :) Vi hade vandrat in i fantasiernas och f\u00f6rdomarnas dr\u00f6mv\u00e4rld, och vi hade lurats in i kontrasterna mellan in-gruppens f\u00f6rtr\u00e4fflighet och r\u00e4tt att ha r\u00e4tt, kontra ut-gruppens st\u00e4ndiga misstag och feltolkningar. Ut-gruppen uppfattas ju dessutom som f\u00f6rdomsfull, vilket ju i sig \u00e4r en sk\u00f6n rekursiv f\u00e4lla ;)<\/p>\n<p>Den aha-upplevelse jag hade under den h\u00e4r \u00f6vningen var helsk\u00f6n! Dels fick jag en minnesbeta i sakfr\u00e5gan. Jag hade ju haft totalfel om de andra. D\u00e4r vi trott att de haft interna stridigheter visade det sig att de kommit bra \u00f6verens, haft bra reflektions\u00f6vningar och att de l\u00f6st massor av problem l\u00f6pande. D\u00e4r vi trodde att de inte ville segla utan bara myspysa l\u00e5g ist\u00e4llet en f\u00f6rklaring som handlade om empati med en av deltagarna som m\u00e5tt d\u00e5ligt och varit skr\u00e4ckslagen f\u00f6r havet och v\u00e5gor.<\/p>\n<p>Men ut\u00f6ver den h\u00e4r minnesbetan i just seglingen s\u00e5 fick jag kraftfullt upp \u00f6gonen f\u00f6r mina egna f\u00f6rdomar och fantasier! Jag trodde att jag var en klok och vis kille som kunde\u00a0vara hyfsat\u00a0objektiv &#8221;p\u00e5 n\u00e5n niv\u00e5&#8221; :) Att jag kunde s\u00e4tta mig in i andras situation, och leva mig in i andras k\u00e4nslor. Men s\u00e5 var det ju inte alls :( Jag var ju lika tr\u00e5ngsynt och snar till f\u00f6rd\u00f6manden som alla andra. Jag var liten och ynklig&#8230; och v\u00e4ldigt m\u00e4nsklig :) Jag fattade att vi alla b\u00e4r p\u00e5 f\u00f6rdomar om andra, och att det bland annat p\u00e5verkas av den grupp, eller de grupper,\u00a0som jag f\u00f6r n\u00e4rvarande upplever mig tillh\u00f6ra.<\/p>\n<p>Min tanke \u00e4r att vi kan s\u00e4tta upp mekanismer f\u00f6r att komma ifr\u00e5n det h\u00e4r. T\u00e4nk er ett stort konferensrum d\u00e4r kroater och serber samlas och g\u00f6r samma \u00f6vning! Vilka ber\u00e4ttelser&#8230; Kanske lite v\u00e4l dramatiskt, men varf\u00f6r inte k\u00f6ra en \u00f6vning med de b\u00e5da sektionerna som har gemensamma m\u00e5l men ocks\u00e5 egenintressen som st\u00f6r. Knak i fogarna som p\u00e5verkas av de b\u00e5da gruppernas syn p\u00e5 varandra kan oljas bort med hj\u00e4lp av gemensamma f\u00f6rdoms\u00f6vningar.<\/p>\n<p>Ska se om jag hittar n\u00e5gra intresserade idag till en liten \u00f6vning :)<\/p>\n<p>Hoppas att er nationaldag blir lika fin som min ;)<\/p>\n","protected":false},"excerpt":{"rendered":"<p>Idag kommer vi att fira nationaldag. Oavsett alla debatter om nationaldagens vara eller icke vara, och dess status som allm\u00e4n helgdag i konungariket Sverige s\u00e5 tycker jag att det \u00e4r sk\u00f6nt att uppm\u00e4rksamma en dag som tydligg\u00f6r den grupp av m\u00e4nniskor som kallas svenskar :) En grupp som jag tillh\u00f6r, och som \u00e4r viktig f\u00f6r&hellip;<\/p>\n","protected":false},"author":2,"featured_media":0,"comment_status":"open","ping_status":"open","sticky":false,"template":"","format":"standard","meta":{"ngg_post_thumbnail":0,"footnotes":""},"categories":[4,5],"tags":[240,156,236,239,238,71,237],"class_list":["post-106","post","type-post","status-publish","format-standard","hentry","category-manniskor","category-om-mig","tag-fantasi","tag-fordomar","tag-grupper","tag-ledarskapsutveckling","tag-maslow","tag-sociologi","tag-tillhorighet"],"aioseo_notices":[],"_links":{"self":[{"href":"https:\/\/www.petera.se\/blog\/wp-json\/wp\/v2\/posts\/106","targetHints":{"allow":["GET"]}}],"collection":[{"href":"https:\/\/www.petera.se\/blog\/wp-json\/wp\/v2\/posts"}],"about":[{"href":"https:\/\/www.petera.se\/blog\/wp-json\/wp\/v2\/types\/post"}],"author":[{"embeddable":true,"href":"https:\/\/www.petera.se\/blog\/wp-json\/wp\/v2\/users\/2"}],"replies":[{"embeddable":true,"href":"https:\/\/www.petera.se\/blog\/wp-json\/wp\/v2\/comments?post=106"}],"version-history":[{"count":1,"href":"https:\/\/www.petera.se\/blog\/wp-json\/wp\/v2\/posts\/106\/revisions"}],"predecessor-version":[{"id":490,"href":"https:\/\/www.petera.se\/blog\/wp-json\/wp\/v2\/posts\/106\/revisions\/490"}],"wp:attachment":[{"href":"https:\/\/www.petera.se\/blog\/wp-json\/wp\/v2\/media?parent=106"}],"wp:term":[{"taxonomy":"category","embeddable":true,"href":"https:\/\/www.petera.se\/blog\/wp-json\/wp\/v2\/categories?post=106"},{"taxonomy":"post_tag","embeddable":true,"href":"https:\/\/www.petera.se\/blog\/wp-json\/wp\/v2\/tags?post=106"}],"curies":[{"name":"wp","href":"https:\/\/api.w.org\/{rel}","templated":true}]}}