{"id":1069,"date":"2009-08-25T21:45:33","date_gmt":"2009-08-25T19:45:33","guid":{"rendered":"http:\/\/www.petera.se\/blog\/?p=1069"},"modified":"2009-08-25T21:45:33","modified_gmt":"2009-08-25T19:45:33","slug":"heliga-kor-och-oro-i-leden","status":"publish","type":"post","link":"https:\/\/www.petera.se\/blog\/heliga-kor-och-oro-i-leden","title":{"rendered":"Heliga kor och oro i leden"},"content":{"rendered":"<p><a href=\"http:\/\/www.adlibris.com\/se\/product.aspx?isbn=9153432002\"><img decoding=\"async\" class=\"alignleft size-full wp-image-1070\" title=\"9153432002\" src=\"https:\/\/www.petera.se\/blog\/wp-content\/uploads\/2009\/08\/9153432002.jpg\" alt=\"9153432002\" width=\"84\" height=\"130\" \/><\/a>Efter en veckas semester med barnen, som f\u00f6r \u00f6vrigt inneh\u00f6ll en arbetsresa till Stockholm med Emilia som ledsagare, avslutades veckan med f\u00f6delsedagskalas, som minnesv\u00e4rda l\u00e4sare uppm\u00e4rksammat p\u00e5 annat st\u00e4lle :) Tack f\u00f6r det! Att bli v\u00e4ckt p\u00e5 morgonen av tramp i trappen och sk\u00f6n s\u00e5ng ljudande i huset \u00e4r fantastiskt :) Att f\u00e5 presenter \u00e4r ocks\u00e5 det r\u00e4tt nice. I \u00e5r fick jag bland annat en bok som heter <a href=\"http:\/\/www.adlibris.com\/se\/product.aspx?isbn=9153432002\" target=\"_blank\">G\u00f6r dig kvitt dina heliga kor av Dr Camilo Cruz<\/a>. En bok, som till sin l\u00e4tthet liknar <a href=\"http:\/\/www.adlibris.com\/se\/product.aspx?isbn=9189250435\" target=\"_blank\">Vem snodde osten?<\/a>\u00a0vilken ocks\u00e5 anv\u00e4nder tydliga metaforer och fabelliknande ber\u00e4ttelser f\u00f6r att f\u00f6rmedla kloka tankar och r\u00e5d till l\u00e4saren.<\/p>\n<p>Jag har precis satt ig\u00e5ng med den h\u00e4r, mitt i all annan l\u00e4sning, men den \u00e4r ganska kul och handlar om att vi alla b\u00e4r p\u00e5 heliga kor som hindrar oss att n\u00e5 framg\u00e5ng, men som vi \u00e4r f\u00f6r fega eller f\u00f6r okunniga att slakta. Det g\u00e4ller att se bortom kossan och hindret f\u00f6r att n\u00e5 det vi vill och dr\u00f6mmer efter. Det kan tyckas att det l\u00e5ter mycket do-it-yourself-amerikanskt och visst \u00e4r det s\u00e5, men samtidigt finns det tankev\u00e4ckande delar som f\u00e5tt mig att fundera \u00e4ven om jag bara kommit en bit in i boken :)<\/p>\n<p>Och oroliga kollegor m\u00f6ter jag dessa dagar. Hemligheten jag gick och bar p\u00e5 och lj\u00f6g om var att min chefskollega sagt upp sig och\u00a0slutat. Det \u00e4r liksom j\u00e4ttetr\u00e5kigt och j\u00e4ttekul p\u00e5 en och samma g\u00e5ng, precis som det \u00e4r i avslut som b\u00f6rjar n\u00e5got nytt i st\u00e4llet f\u00f6r att avbryta eller avsluta n\u00e5got. Det \u00e4r en enast\u00e5ende m\u00f6jlighet f\u00f6r honom, och helt r\u00e4tt i tiden, hade nog kunnat ske tidigare ocks\u00e5, men samtidigt en stor f\u00f6rlust f\u00f6r oss s\u00e5klart. Det senare ger definitivt upphov till m\u00e4ngder av konsekvenser, b\u00e5de strukturella och kulturella. Han ers\u00e4tts inte enkelt kan jag s\u00e4ga, och just nu jobbar jag dubbelt med allt! Mitt uppe i detta allt, d\u00e4r jag f\u00f6rs\u00f6ker h\u00e5lla huvudet kallt f\u00f6r att \u00f6verleva och prioritera r\u00e4tt, m\u00f6ts jag av en hel del os\u00e4kerhet och fr\u00e5gor. Det kan vara slumpen som g\u00f6r att mycket\u00a0upplevs som\u00a0otydligt och oklart efter semestern, men det kan ocks\u00e5 vara oro under denna f\u00f6r\u00e4ndring som v\u00e4cker ett behov av att dubbelchecka och f\u00f6rs\u00e4kra sig om att det finns svar p\u00e5 fr\u00e5gorna. Det kanske \u00e4r s\u00e5 enkelt att det bara \u00e4r\u00a0f\u00f6r att se om jag finns d\u00e4r :) Och det g\u00f6r jag ju. Just nu sitter jag p\u00e5 t\u00e5get hem fr\u00e5n Stockholm och finns, och attesterar tidrapporter ;)<\/p>\n<p>S\u00e5 vad av allt detta inneh\u00e5ller n\u00e5gra av mina heliga kor? Jag funderar p\u00e5 det f\u00f6r n\u00e4rvarande ;)<\/p>\n","protected":false},"excerpt":{"rendered":"<p>Efter en veckas semester med barnen, som f\u00f6r \u00f6vrigt inneh\u00f6ll en arbetsresa till Stockholm med Emilia som ledsagare, avslutades veckan med f\u00f6delsedagskalas, som minnesv\u00e4rda l\u00e4sare uppm\u00e4rksammat p\u00e5 annat st\u00e4lle :) Tack f\u00f6r det! Att bli v\u00e4ckt p\u00e5 morgonen av tramp i trappen och sk\u00f6n s\u00e5ng ljudande i huset \u00e4r fantastiskt :) Att f\u00e5 presenter \u00e4r&hellip;<\/p>\n","protected":false},"author":2,"featured_media":0,"comment_status":"open","ping_status":"open","sticky":false,"template":"","format":"standard","meta":{"ngg_post_thumbnail":0,"footnotes":""},"categories":[6,4,5],"tags":[142,31,639,640],"class_list":["post-1069","post","type-post","status-publish","format-standard","hentry","category-bocker","category-manniskor","category-om-mig","tag-bok","tag-forandring","tag-kor","tag-oro"],"aioseo_notices":[],"_links":{"self":[{"href":"https:\/\/www.petera.se\/blog\/wp-json\/wp\/v2\/posts\/1069","targetHints":{"allow":["GET"]}}],"collection":[{"href":"https:\/\/www.petera.se\/blog\/wp-json\/wp\/v2\/posts"}],"about":[{"href":"https:\/\/www.petera.se\/blog\/wp-json\/wp\/v2\/types\/post"}],"author":[{"embeddable":true,"href":"https:\/\/www.petera.se\/blog\/wp-json\/wp\/v2\/users\/2"}],"replies":[{"embeddable":true,"href":"https:\/\/www.petera.se\/blog\/wp-json\/wp\/v2\/comments?post=1069"}],"version-history":[{"count":2,"href":"https:\/\/www.petera.se\/blog\/wp-json\/wp\/v2\/posts\/1069\/revisions"}],"predecessor-version":[{"id":1072,"href":"https:\/\/www.petera.se\/blog\/wp-json\/wp\/v2\/posts\/1069\/revisions\/1072"}],"wp:attachment":[{"href":"https:\/\/www.petera.se\/blog\/wp-json\/wp\/v2\/media?parent=1069"}],"wp:term":[{"taxonomy":"category","embeddable":true,"href":"https:\/\/www.petera.se\/blog\/wp-json\/wp\/v2\/categories?post=1069"},{"taxonomy":"post_tag","embeddable":true,"href":"https:\/\/www.petera.se\/blog\/wp-json\/wp\/v2\/tags?post=1069"}],"curies":[{"name":"wp","href":"https:\/\/api.w.org\/{rel}","templated":true}]}}