{"id":107,"date":"2008-06-10T22:31:27","date_gmt":"2008-06-10T20:31:27","guid":{"rendered":"http:\/\/www.petera.se\/blog\/?p=107"},"modified":"2008-11-26T23:36:17","modified_gmt":"2008-11-26T22:36:17","slug":"diskussioner-ar-inte-bara-okej-de-ar-nodvandiga","status":"publish","type":"post","link":"https:\/\/www.petera.se\/blog\/diskussioner-ar-inte-bara-okej-de-ar-nodvandiga","title":{"rendered":"Diskussioner \u00e4r inte bara okej &#8211; de \u00e4r n\u00f6dv\u00e4ndiga"},"content":{"rendered":"<p>Hade ett samtal om min blogg idag med en av kommentatorerna. Den h\u00e4r personen hade undvikit att skriva en kommentar\u00a0p\u00e5 en kommentar till ett inl\u00e4gg f\u00f6r att inte skapa ett diskussionsforum av bloggen :) Hedersamt och insiktsfullt p\u00e5 samma g\u00e5ng, men det fick samtidigt mig att t\u00e4nka till, och rannsaka syftet med min blog.<\/p>\n<p>En j\u00e4tteviktig tanke bakom bloggen \u00e4r ju att p\u00e5verka m\u00e4nniskor och att skapa dialog och kontakt mellan oss som \u00e4r intresserade\u00a0av relationer, ledarskap och organisationer. Oavsett vilka debatter eller samtal som f\u00f6rs kring inl\u00e4gg h\u00e4r p\u00e5 bloggen s\u00e5 \u00e4r alla lika v\u00e4lkomna. Rena trakasserier \u00e4r ju s\u00e5klart inte okej, men det har\u00a0vi ju\u00a0inte drabbats av, annat \u00e4n en massa patetisk spam :)<\/p>\n<p>Jag har ju en dr\u00f6m till ocks\u00e5, och det \u00e4r att vi ska bli s\u00e5 m\u00e5nga som \u00e4r intresserade av dessa \u00e4mnen att vi skulle kunna skapa n\u00e5got tillsammans. Att hitta ett s\u00e4tt att kompilera ihop hela v\u00e5r kunskapsmassa f\u00f6r att tillsammans bli s\u00e5 mycket klokare och skickligare i v\u00e5ra liv och yrken. Jag tror stenh\u00e5rt p\u00e5 wikinomics-id\u00e9n och att information och kunskap som delas blir s\u00e5 mycket mer :)<\/p>\n<p>Fasen, det skulle va kul att skriva en bok ihop, den id\u00e9n har jag ju haft men inte t\u00e4nkt den som ett sociologiskt open-source-projekt :D<\/p>\n<p>S\u00e5, kommentera! Inte f\u00f6r att det \u00e4r okej, utan f\u00f6r att vi beh\u00f6ver det och f\u00f6r att jag \u00f6nskar det :)<\/p>\n","protected":false},"excerpt":{"rendered":"<p>Hade ett samtal om min blogg idag med en av kommentatorerna. Den h\u00e4r personen hade undvikit att skriva en kommentar\u00a0p\u00e5 en kommentar till ett inl\u00e4gg f\u00f6r att inte skapa ett diskussionsforum av bloggen :) Hedersamt och insiktsfullt p\u00e5 samma g\u00e5ng, men det fick samtidigt mig att t\u00e4nka till, och rannsaka syftet med min blog. En&hellip;<\/p>\n","protected":false},"author":2,"featured_media":0,"comment_status":"open","ping_status":"open","sticky":false,"template":"","format":"standard","meta":{"ngg_post_thumbnail":0,"footnotes":""},"categories":[51,3,4,5],"tags":[1267,1262,241,86,71],"class_list":["post-107","post","type-post","status-publish","format-standard","hentry","category-blogg","category-ledarskap","category-manniskor","category-om-mig","tag-blogg","tag-ledarskap","tag-open-source","tag-relationer","tag-sociologi"],"aioseo_notices":[],"_links":{"self":[{"href":"https:\/\/www.petera.se\/blog\/wp-json\/wp\/v2\/posts\/107","targetHints":{"allow":["GET"]}}],"collection":[{"href":"https:\/\/www.petera.se\/blog\/wp-json\/wp\/v2\/posts"}],"about":[{"href":"https:\/\/www.petera.se\/blog\/wp-json\/wp\/v2\/types\/post"}],"author":[{"embeddable":true,"href":"https:\/\/www.petera.se\/blog\/wp-json\/wp\/v2\/users\/2"}],"replies":[{"embeddable":true,"href":"https:\/\/www.petera.se\/blog\/wp-json\/wp\/v2\/comments?post=107"}],"version-history":[{"count":1,"href":"https:\/\/www.petera.se\/blog\/wp-json\/wp\/v2\/posts\/107\/revisions"}],"predecessor-version":[{"id":491,"href":"https:\/\/www.petera.se\/blog\/wp-json\/wp\/v2\/posts\/107\/revisions\/491"}],"wp:attachment":[{"href":"https:\/\/www.petera.se\/blog\/wp-json\/wp\/v2\/media?parent=107"}],"wp:term":[{"taxonomy":"category","embeddable":true,"href":"https:\/\/www.petera.se\/blog\/wp-json\/wp\/v2\/categories?post=107"},{"taxonomy":"post_tag","embeddable":true,"href":"https:\/\/www.petera.se\/blog\/wp-json\/wp\/v2\/tags?post=107"}],"curies":[{"name":"wp","href":"https:\/\/api.w.org\/{rel}","templated":true}]}}