{"id":1073,"date":"2009-09-06T22:28:48","date_gmt":"2009-09-06T20:28:48","guid":{"rendered":"http:\/\/www.petera.se\/blog\/?p=1073"},"modified":"2009-09-06T22:32:39","modified_gmt":"2009-09-06T20:32:39","slug":"kreativitetstopp","status":"publish","type":"post","link":"https:\/\/www.petera.se\/blog\/kreativitetstopp","title":{"rendered":"Kreativitetstopp"},"content":{"rendered":"<p>M\u00e4rkligt. Jag som alltid brukar sprudla av id\u00e9er och tankar och m\u00e4rkliga associationer. Nu \u00e4r det tv\u00e4rstopp. Stopp i kreativiteten. Stopp\u00a0i drivkraften att samla mina tankar. Jag har faktiskt reflekterat v\u00e4ldigt lite de senaste veckorna. M\u00e4rker att jag \u00e4r mer inne i sakfr\u00e5gorna och handlar och agerar utan att fundera s\u00e5 mycket, utan att reflektera vareviga sekund :)<\/p>\n<p>Kanske har det att g\u00f6ra med stressl\u00e4get och m\u00e4ngden arbete och problem som jag har att hantera. Det \u00e4r o\u00f6verstigliga m\u00e4ngder grejer i den icke-skrivna todo-listan, som jag alla borde ha gjort f\u00f6r l\u00e4nge sedan. Dessutom borde jag ha kommit p\u00e5 en massa strategiska aktiviteter att genomf\u00f6ra veckorna och m\u00e5naderna som kommer. Men n\u00e4r jag inte ens har kapacitet att reflektera \u00f6ver mig sj\u00e4lv och min omgivning \u00e4r det kanske inte s\u00e5 konstigt att det sl\u00e4par efter&#8230;<\/p>\n<p>Jag menar, jag har l\u00e4st <a href=\"http:\/\/plato.stanford.edu\/entries\/foucault\/\" target=\"_blank\">Michel Foucault<\/a> <a href=\"http:\/\/www.adlibris.com\/se\/product.aspx?isbn=9179241697\" target=\"_blank\">\u00d6vervakning och straff<\/a>, som var en \u00f6gon\u00f6ppnare p\u00e5 vad straff egentligen inneb\u00e4r, och att det inte alls handlar om n\u00e5gon r\u00e4ttvis straffskala och \u00f6ga f\u00f6r \u00f6ga, utan endast maktens bevis f\u00f6r sin gr\u00e4nsl\u00f6sa styrka. Jag har pratat med <a href=\"http:\/\/fryklunds.se\" target=\"_blank\">Berit Fryklund <\/a>som visade hur <a href=\"http:\/\/kim-human.org\/sv\" target=\"_blank\">KIM-modellen<\/a> fungerar, och det var en riktig h\u00e4ftig \u00f6vning d\u00e4r vi anv\u00e4nde metaforer f\u00f6r att beskriva organisationens nul\u00e4ge och framtid. Jag \u00e4lskar ju metaforer och anammade metoden direkt :) Jag har ocks\u00e5 b\u00f6rjat p\u00e5 Pierre Bourdieus <a href=\"http:\/\/www.adlibris.com\/se\/product.aspx?isbn=9171391207\" target=\"_blank\">Kultursociologiska texter<\/a>, som redan i inledningsskedet gett m\u00e4ngder av sk\u00f6na insikter om heder och det spel som f\u00f6rseg\u00e5r mellan oss alla, som jag tidigare ber\u00e4ttat om, men d\u00e5 i termer av &#8221;<em>betala inte f\u00f6r middagen du blivit bjuden p\u00e5, men ta g\u00e4rna med en chokladask<\/em>&#8221; osv. Jag har b\u00f6rjat titta efter platta tv-apparater, och \u00e4r just nu inne p\u00e5 Samsung <a href=\"http:\/\/www.prisjakt.nu\/produkt.php?p=413853\" target=\"_blank\">LE-37B655<\/a> f\u00f6r n\u00e5gon st\u00f6rre f\u00e5r liks inte plats p\u00e5 b\u00e4nken. Jag har f\u00e5tt plats p\u00e5 Sociologi GR (B) och borde vara glad och inspirerad. P\u00e5 jobbet \u00e4r jag just nu ensam chef i Sundsvall, och har dessutom \u00e5kt p\u00e5 n\u00e5gra tr\u00e5kiga upps\u00e4gningar som p\u00e5verkat mig och andra p\u00e5 de mest fascinerande s\u00e4tt, vilket gett upphov till m\u00e4ngder av intressanta studieomr\u00e5den, och mitt i allt detta s\u00e5 g\u00e5r resultatet som en raket :D Jag \u00e4r niv\u00e5 23 p\u00e5 Legends of Zork och snart en av\u00a0top 5000.<\/p>\n<p>Men trots allt detta hittar jag varken vanan eller id\u00e9n som f\u00f6r mig hit. F\u00f6rrns nu d\u00e5, och jag inser att det kanske \u00e4r som rubriken antyder, att skillnaden mellan en kreativitetstopp och ett totalt kreativitetstopp inte \u00e4r s\u00e5 l\u00e5ngt ;)<\/p>\n","protected":false},"excerpt":{"rendered":"<p>M\u00e4rkligt. Jag som alltid brukar sprudla av id\u00e9er och tankar och m\u00e4rkliga associationer. Nu \u00e4r det tv\u00e4rstopp. Stopp i kreativiteten. Stopp\u00a0i drivkraften att samla mina tankar. Jag har faktiskt reflekterat v\u00e4ldigt lite de senaste veckorna. M\u00e4rker att jag \u00e4r mer inne i sakfr\u00e5gorna och handlar och agerar utan att fundera s\u00e5 mycket, utan att reflektera&hellip;<\/p>\n","protected":false},"author":2,"featured_media":0,"comment_status":"open","ping_status":"open","sticky":false,"template":"","format":"standard","meta":{"ngg_post_thumbnail":0,"footnotes":""},"categories":[6,5],"tags":[203,14,71],"class_list":["post-1073","post","type-post","status-publish","format-standard","hentry","category-bocker","category-om-mig","tag-inspiration","tag-kreativitet","tag-sociologi"],"aioseo_notices":[],"_links":{"self":[{"href":"https:\/\/www.petera.se\/blog\/wp-json\/wp\/v2\/posts\/1073","targetHints":{"allow":["GET"]}}],"collection":[{"href":"https:\/\/www.petera.se\/blog\/wp-json\/wp\/v2\/posts"}],"about":[{"href":"https:\/\/www.petera.se\/blog\/wp-json\/wp\/v2\/types\/post"}],"author":[{"embeddable":true,"href":"https:\/\/www.petera.se\/blog\/wp-json\/wp\/v2\/users\/2"}],"replies":[{"embeddable":true,"href":"https:\/\/www.petera.se\/blog\/wp-json\/wp\/v2\/comments?post=1073"}],"version-history":[{"count":3,"href":"https:\/\/www.petera.se\/blog\/wp-json\/wp\/v2\/posts\/1073\/revisions"}],"predecessor-version":[{"id":1075,"href":"https:\/\/www.petera.se\/blog\/wp-json\/wp\/v2\/posts\/1073\/revisions\/1075"}],"wp:attachment":[{"href":"https:\/\/www.petera.se\/blog\/wp-json\/wp\/v2\/media?parent=1073"}],"wp:term":[{"taxonomy":"category","embeddable":true,"href":"https:\/\/www.petera.se\/blog\/wp-json\/wp\/v2\/categories?post=1073"},{"taxonomy":"post_tag","embeddable":true,"href":"https:\/\/www.petera.se\/blog\/wp-json\/wp\/v2\/tags?post=1073"}],"curies":[{"name":"wp","href":"https:\/\/api.w.org\/{rel}","templated":true}]}}