{"id":1140,"date":"2009-10-10T09:28:30","date_gmt":"2009-10-10T07:28:30","guid":{"rendered":"http:\/\/www.petera.se\/blog\/?p=1140"},"modified":"2009-10-10T09:28:30","modified_gmt":"2009-10-10T07:28:30","slug":"irving-penn-is-no-more","status":"publish","type":"post","link":"https:\/\/www.petera.se\/blog\/irving-penn-is-no-more","title":{"rendered":"Irving Penn is no more"},"content":{"rendered":"<p>En annan stor stj\u00e4rna har g\u00e5tt ur tiden. Tidigare i \u00e5r var det <a href=\"https:\/\/www.petera.se\/blog\/nyhetsvart-stor-filosof-och-liten-rektor\">Arne Naess<\/a>\u00a0och <a href=\"https:\/\/www.petera.se\/blog\/avslut-och-semester-och-jackson\">Michael Jackson<\/a>, och i veckan som gick dog Irving Penn, 92 \u00e5r gammal. Penn var en av de allra st\u00f6rsta inom fotografi under sin livstid och har varit stilbildare f\u00f6r fler fotografer \u00e4n jag m\u00f6tt i mitt liv :) Han \u00e4r f\u00f6r m\u00e5nga kanske mest k\u00e4nd f\u00f6r arbetet i Vogue \u00e4ven om han producerat v\u00e4ldigt mycket bra saker. Allt uppskattar jag v\u00e4l inte, smaken \u00e4r ju som baken, men visst har jag beundrat m\u00e5nga av hans bilder :)<\/p>\n<p>L\u00e4s mer p\u00e5 <a href=\"http:\/\/www.fotosidan.se\/cldoc\/37336.htm\" target=\"_blank\">Fotosidan<\/a>, <a href=\"http:\/\/www.dn.se\/kultur-noje\/nyheter\/irving-penn-dod-1.969686\" target=\"_blank\">DN<\/a>\u00a0eller l\u00e4s en riktigt bra nekrolog p\u00e5 <a href=\"http:\/\/www.nytimes.com\/2009\/10\/08\/arts\/design\/08penn.html?_r=1&amp;scp=2&amp;sq=irving%20penn&amp;st=cse\" target=\"_blank\">New York Times<\/a> d\u00e4r du \u00e4ven hittar lite bilder fr\u00e5n Penns l\u00e5nga karri\u00e4r.<\/p>\n<p>Med tanke p\u00e5 att jag har Bourdieus studier av amat\u00f6rfotografin som en del i min f\u00f6rel\u00e4sning p\u00e5 Sundsvall42 n\u00e4sta vecka s\u00e5 \u00e4r det klockren timing att fotografi blir en stor nyhet veckan f\u00f6re. Dock inte p\u00e5 grund av en amat\u00f6rfotograf, utan tv\u00e4rtom ;)<\/p>\n","protected":false},"excerpt":{"rendered":"<p>En annan stor stj\u00e4rna har g\u00e5tt ur tiden. Tidigare i \u00e5r var det Arne Naess\u00a0och Michael Jackson, och i veckan som gick dog Irving Penn, 92 \u00e5r gammal. Penn var en av de allra st\u00f6rsta inom fotografi under sin livstid och har varit stilbildare f\u00f6r fler fotografer \u00e4n jag m\u00f6tt i mitt liv :) Han&hellip;<\/p>\n","protected":false},"author":2,"featured_media":0,"comment_status":"open","ping_status":"open","sticky":false,"template":"","format":"standard","meta":{"ngg_post_thumbnail":0,"footnotes":""},"categories":[4,5],"tags":[621,100,648],"class_list":["post-1140","post","type-post","status-publish","format-standard","hentry","category-manniskor","category-om-mig","tag-avslut","tag-fotografi","tag-irving-penn"],"aioseo_notices":[],"_links":{"self":[{"href":"https:\/\/www.petera.se\/blog\/wp-json\/wp\/v2\/posts\/1140","targetHints":{"allow":["GET"]}}],"collection":[{"href":"https:\/\/www.petera.se\/blog\/wp-json\/wp\/v2\/posts"}],"about":[{"href":"https:\/\/www.petera.se\/blog\/wp-json\/wp\/v2\/types\/post"}],"author":[{"embeddable":true,"href":"https:\/\/www.petera.se\/blog\/wp-json\/wp\/v2\/users\/2"}],"replies":[{"embeddable":true,"href":"https:\/\/www.petera.se\/blog\/wp-json\/wp\/v2\/comments?post=1140"}],"version-history":[{"count":1,"href":"https:\/\/www.petera.se\/blog\/wp-json\/wp\/v2\/posts\/1140\/revisions"}],"predecessor-version":[{"id":1141,"href":"https:\/\/www.petera.se\/blog\/wp-json\/wp\/v2\/posts\/1140\/revisions\/1141"}],"wp:attachment":[{"href":"https:\/\/www.petera.se\/blog\/wp-json\/wp\/v2\/media?parent=1140"}],"wp:term":[{"taxonomy":"category","embeddable":true,"href":"https:\/\/www.petera.se\/blog\/wp-json\/wp\/v2\/categories?post=1140"},{"taxonomy":"post_tag","embeddable":true,"href":"https:\/\/www.petera.se\/blog\/wp-json\/wp\/v2\/tags?post=1140"}],"curies":[{"name":"wp","href":"https:\/\/api.w.org\/{rel}","templated":true}]}}