{"id":120,"date":"2008-08-03T22:43:58","date_gmt":"2008-08-03T20:43:58","guid":{"rendered":"http:\/\/www.petera.se\/blog\/?p=120"},"modified":"2008-11-26T23:31:09","modified_gmt":"2008-11-26T22:31:09","slug":"ny-forstaelse-for-forstaelse","status":"publish","type":"post","link":"https:\/\/www.petera.se\/blog\/ny-forstaelse-for-forstaelse","title":{"rendered":"Ny f\u00f6rst\u00e5else f\u00f6r f\u00f6rst\u00e5else"},"content":{"rendered":"<p>Wow, vilken sk\u00f6n semester jag har haft! Imorrn b\u00f6rjar allvaret igen, och \u00e4ven om det bara \u00e4r f\u00f6r en vecka (jag ska vara pappaledig med barnen i tv\u00e5 veckor d\u00e4refter (\u00e4ven om det kan bli lite offertarbete under tiden)) s\u00e5 k\u00e4nns det att sommaren \u00e4r \u00f6ver och jobbet k\u00f6r ig\u00e5ng. Italien, Toscana och Tignano kan verkligen rekommenderas! Det var en upplevelse, och att, som vi gjorde, bo p\u00e5 lantg\u00e5rd gav en extra dimension \u00e5t hela resan. Vi hade tv\u00e5 veckor utan det h\u00e4r oundvikliga aktivitetshetsandet som en stadsresa inneb\u00e4r :) Nu hade vi bara en pool, tjugofyra katter och en str\u00e5lande sol utanf\u00f6r d\u00f6rren. Klart sk\u00f6nare och avslappnandere ;)<\/p>\n<p>Under sommaren har jag \u00f6msom l\u00e4st och oms\u00f6m skrivit om f\u00f6rst\u00e5else. Jag har f\u00e5tt en helt ny f\u00f6rst\u00e5else f\u00f6r f\u00f6rst\u00e5else och f\u00f6r f\u00f6r\u00e4ndringsledning, eller egentligen ledning \u00f6verhuvudtaget. Det \u00e4r nog ett av de st\u00f6rre kvantspr\u00e5ngen jag tagit p\u00e5 senare \u00e5r och jag \u00e4r fortfarande mitt uppe i utforskandet av det h\u00e4r nya omr\u00e5det av insikter jag f\u00e5tt. F\u00f6re sommaren 2008 fattade jag ju att jag m\u00e5ste vara ett f\u00f6red\u00f6me, att det kr\u00e4vs dialog och att reflektion \u00e4r viktigt. Det roliga \u00e4r ju att jag inte fattade varf\u00f6r :) Nu ser jag det jag visste d\u00e5 i ett st\u00f6rre perspektiv, och inser vad det \u00e4r som g\u00f6r oss mer effektiva n\u00e4r vi f\u00f6rst\u00e5r mer av arbete och situation. Dessutom f\u00f6rst\u00e5r jag nu att ingen f\u00f6r\u00e4ndring kan administreras fram mot en f\u00f6rutbest\u00e4md ritning\u00a0utan m\u00e5ste skapas i dialog med alla inblandade :) Det g\u00f6r att m\u00e5nga av mina gamla pelare, HJ\u00c4LP, riskerar att raseras. Nja, &#8221;riskerar&#8221; \u00e4r nog milt skrivet. Jag tror att jag anv\u00e4nde det ordet f\u00f6r att jag just ins\u00e5g att &#8221;Nul\u00e4ge-B\u00f6rl\u00e4ge-V\u00e4gen dit&#8221; inte l\u00e4ngre h\u00e5ller! Inte p\u00e5 den detaljerade niv\u00e5n som m\u00e5nga av oss arbetar p\u00e5 :( Undrar om det verkligen \u00e4r s\u00e5 dramatiskt&#8230;?<\/p>\n<p>Ja, ni ser sj\u00e4lva min ambivalens och tvekan. Precis som det \u00e4r nere i kaninh\u00e5let n\u00e4r man just \u00e4r i f\u00e4rd med att stoppa upp huvudet och bli lite klokare ;)<\/p>\n","protected":false},"excerpt":{"rendered":"<p>Wow, vilken sk\u00f6n semester jag har haft! Imorrn b\u00f6rjar allvaret igen, och \u00e4ven om det bara \u00e4r f\u00f6r en vecka (jag ska vara pappaledig med barnen i tv\u00e5 veckor d\u00e4refter (\u00e4ven om det kan bli lite offertarbete under tiden)) s\u00e5 k\u00e4nns det att sommaren \u00e4r \u00f6ver och jobbet k\u00f6r ig\u00e5ng. Italien, Toscana och Tignano kan&hellip;<\/p>\n","protected":false},"author":2,"featured_media":0,"comment_status":"open","ping_status":"open","sticky":false,"template":"","format":"standard","meta":{"ngg_post_thumbnail":0,"footnotes":""},"categories":[3,4,5,7,8],"tags":[31,56,1265,259,71],"class_list":["post-120","post","type-post","status-publish","format-standard","hentry","category-ledarskap","category-manniskor","category-om-mig","category-organisation","category-varlden","tag-forandring","tag-forstaelse","tag-organisation","tag-pedagogik","tag-sociologi"],"aioseo_notices":[],"_links":{"self":[{"href":"https:\/\/www.petera.se\/blog\/wp-json\/wp\/v2\/posts\/120","targetHints":{"allow":["GET"]}}],"collection":[{"href":"https:\/\/www.petera.se\/blog\/wp-json\/wp\/v2\/posts"}],"about":[{"href":"https:\/\/www.petera.se\/blog\/wp-json\/wp\/v2\/types\/post"}],"author":[{"embeddable":true,"href":"https:\/\/www.petera.se\/blog\/wp-json\/wp\/v2\/users\/2"}],"replies":[{"embeddable":true,"href":"https:\/\/www.petera.se\/blog\/wp-json\/wp\/v2\/comments?post=120"}],"version-history":[{"count":2,"href":"https:\/\/www.petera.se\/blog\/wp-json\/wp\/v2\/posts\/120\/revisions"}],"predecessor-version":[{"id":488,"href":"https:\/\/www.petera.se\/blog\/wp-json\/wp\/v2\/posts\/120\/revisions\/488"}],"wp:attachment":[{"href":"https:\/\/www.petera.se\/blog\/wp-json\/wp\/v2\/media?parent=120"}],"wp:term":[{"taxonomy":"category","embeddable":true,"href":"https:\/\/www.petera.se\/blog\/wp-json\/wp\/v2\/categories?post=120"},{"taxonomy":"post_tag","embeddable":true,"href":"https:\/\/www.petera.se\/blog\/wp-json\/wp\/v2\/tags?post=120"}],"curies":[{"name":"wp","href":"https:\/\/api.w.org\/{rel}","templated":true}]}}