{"id":142,"date":"2008-08-25T23:06:04","date_gmt":"2008-08-25T21:06:04","guid":{"rendered":"http:\/\/www.petera.se\/blog\/?p=142"},"modified":"2008-08-30T16:16:43","modified_gmt":"2008-08-30T14:16:43","slug":"alla-mar-bra-av-hoga-krav","status":"publish","type":"post","link":"https:\/\/www.petera.se\/blog\/alla-mar-bra-av-hoga-krav","title":{"rendered":"Alla m\u00e5r bra av h\u00f6ga krav"},"content":{"rendered":"<p>I Dagbladet i fredags, och i ST idag m\u00e5ndag fanns en intressant ins\u00e4ndare publicerad. Den handlade om att m\u00e4nniskor m\u00e5r d\u00e5ligt av h\u00f6ga prestationskrav. Jag som skrivit ett epos om att vi m\u00e5r d\u00e5ligt i fr\u00e5nvaron av krav, och tydlighet som kan f\u00f6rklara dem, blev genast engagerad och nyfiken. Jag k\u00e4nde igen tankarna men tyckte att det saknades logik och en tydlig po\u00e4ng. Jag skrev f\u00f6ljande ins\u00e4ndare till b\u00e5de Dagbladet och ST:<\/p>\n<hr \/>\n<p>Joel Sj\u00f6l\u00e9n f\u00f6rs\u00f6ker i sin ins\u00e4ndare &#8221;<a title=\"Ins\u00e4ndare i Dagbladet 22 aug 2008\" href=\"http:\/\/dagbladet.se.adp-visitor.sth.basefarm.net\/insandare\/1.104348\" target=\"_blank\">Folk m\u00e5r d\u00e5ligt av h\u00f6ga prestationskrav<\/a>&#8221; att ge den s\u00e5 kallade marknadsekonomin en sm\u00e4ll p\u00e5 k\u00e4ften och p\u00e5 samma g\u00e5ng sl\u00e5 kn\u00e4sk\u00e5larna av n\u00e5gra han kallar f\u00f6r rikem\u00e4nnen. Jag kan till viss del h\u00e5lla med Sj\u00f6l\u00e9n i n\u00e5gra av hans uttryck. Det saknas balans i samh\u00e4llet idag och det visar sig i of\u00f6rm\u00e5gan hos m\u00e5nga att kunna ta ansvar f\u00f6r sig sj\u00e4lv och sin egen tillvaro. Men tyv\u00e4rr f\u00f6rsvinner udden ur Joels inl\u00e4gg av n\u00e5gra v\u00e4l valda missf\u00f6rst\u00e5nd och ologiska resonemang. Jag vill med denna ins\u00e4ndare be Joel Sj\u00f6l\u00e9n att utveckla sina antaganden och dessutom bli mer konkret. Som hj\u00e4lp p\u00e5 traven vill jag n\u00e4mna n\u00e5gra problem jag ser med hans text.<\/p>\n<p>1) Inledning och avslutning h\u00e4nger inte ihop och l\u00e4mnar mig fr\u00e5gande vad Sj\u00f6l\u00e9n egentligen \u00e4r ute efter med sin energiska retorik. \u00c5 ena sidan inleder han med ett antal hugg och slag \u00e5t olika h\u00e5ll. &#8221;M\u00e4nniskor&#8221; m\u00e5r d\u00e5ligt p\u00e5 grund av &#8221;den h\u00e5rdnande samh\u00e4llsutvecklingen&#8221; och &#8221;nedmonteringen av v\u00e4lf\u00e4rden&#8221; som verkar f\u00e5 objektifiera Joels ilska \u00f6ver n\u00e5got eller n\u00e5gon han inte kan peka ut eller n\u00e4mna vid namn. Den roliga \u00e4r ju att han sedan avslutar hela ins\u00e4ndaren med ett vi-perspektiv. Han anser att &#8221;om vi skulle s\u00e4nka kraven&#8221; och forts\u00e4tter p\u00e5 samma s\u00e4tt tv\u00e4rtemot inledningens retoriska vinkel genom att inlemma sig sj\u00e4lv i begreppet &#8221;m\u00e4nniskor&#8221; med &#8221;s\u00e5 skulle vi bli n\u00f6jdare m\u00e4nniskor&#8221;. Det ger hela inl\u00e4gget en m\u00e4rklig ton. Vem \u00e4r ansvarig och vad vill han att han att vi ska g\u00f6ra? Du f\u00e5r utveckla detta Joel!<\/p>\n<p>2) Att skylla m\u00e4nniskors d\u00e5liga h\u00e4lsa p\u00e5 det faktum att vi idag skulle styras av hur mycket pengar som finns i pl\u00e5nboken \u00e4r ett m\u00e4rkligt illa valt argument! Det finns ett tales\u00e4tt som passar v\u00e4ldigt bra &#8221;Att m\u00e4tta munnen efter mats\u00e4cken&#8221;. Det \u00e4r v\u00e4l n\u00e5got som alltid har varit en f\u00f6ruts\u00e4ttning f\u00f6r alla arter och i alla tider!? Vem klarar av att leva p\u00e5 n\u00e5got annat s\u00e4tt? Det \u00e4r snarare tv\u00e4rtom. Vi lever idag p\u00e5 en alldeles f\u00f6r h\u00f6g niv\u00e5. Vi \u00e4r f\u00f6r lata och bortsk\u00e4mda och vill ha allt serverat p\u00e5 det silverfat som vi kommit att kalla &#8221;staten&#8221; eller &#8221;samh\u00e4llet&#8221; och i samma \u00f6gonblick gl\u00f6mt bort att staten och samh\u00e4llet \u00e4r vi sj\u00e4lva, tillsammans. Samtidigt som vi blockerar ut l\u00e5gavl\u00f6nad arbetskraft fr\u00e5n att komma in i landet i syfte att kunna h\u00e5lla en h\u00f6g l\u00f6neniv\u00e5 p\u00e5 hemmaplan s\u00e5 f\u00f6rsvinner jobben i str\u00f6mhopp ut ur landet. Kvar sitter de som inte vill jobba mer \u00e4n 30-40 timmar i veckan, som inte vill kleta ner h\u00e4nderna varken med pizzadeg eller skurtrasor och som hest kr\u00e4ver samh\u00e4llet p\u00e5 en upprustning av det som slarvigt d\u00f6pts till v\u00e4lf\u00e4rdssamh\u00e4llet och som gick ut p\u00e5 att vi alla slet och tog i gemensamt, g\u00e4rna mer \u00e4n dagens f\u00f6rtio timmar per vecka, s\u00e5 att vi kunde st\u00e4lla upp f\u00f6r de som hade det sv\u00e5rt! Nej, resonemanget h\u00e5ller inte. Vi har inte alls f\u00f6r h\u00f6ga krav p\u00e5 oss idag. Det \u00e4r helt tv\u00e4rtom, kraven \u00e4r m\u00e4rkv\u00e4rdigt l\u00e5ga och likt en samling sektmedlemmar verkar vi mentalt blockerade \u00f6ver var sekten Sverige \u00e4r p\u00e5 v\u00e4g. Vill du bevisa motsatsen Joel, d\u00e5 f\u00e5r du utveckla dina id\u00e9er!<\/p>\n<p>3) Resonemanget om att var och en ska klara sig sj\u00e4lv haltar bet\u00e4nkligt det ocks\u00e5. Det \u00e4r en fundamental grund i vilket samh\u00e4lle som helst att majoriteten av alla samh\u00e4llsmedborgare g\u00f6r vad de kan f\u00f6r att klara sig sj\u00e4lva s\u00e5 bra det g\u00e5r. P\u00e5 det s\u00e4ttet kan alla bidra med det \u00f6verskott som genererats f\u00f6r att hj\u00e4lpa de som verkligen beh\u00f6ver det. Det beh\u00f6vs inga superm\u00e4nniskor f\u00f6r att ta sitt eget ansvar! Det kr\u00e4ver inte att vi kastar bort v\u00e5r h\u00e4nsyn till varandra som Joel p\u00e5st\u00e5r. Det inneb\u00e4r ingen om\u00e4nsklig avgrund att se sin egen del och sitt eget ansvar i det gemensammas v\u00e4l och ve. Problemet med oss svenskar \u00e4r att vi under en l\u00e5ng tid betalat f\u00f6r att slippa engagera oss personligt, f\u00f6r att undvika det personliga ansvaret f\u00f6r det lokala n\u00f6darbetet. Vi har med ett sjukligt h\u00f6gt skattetryck kommit att befriats fr\u00e5n b\u00e5de personligt engagemang i v\u00e5r n\u00e4stas v\u00e4lbefinnande och skuld f\u00f6r att vi levt \u00f6ver v\u00e5ra tillg\u00e5ngar. Med en h\u00f6g skatt som delvis finansierat olika former av bist\u00e5nd och samh\u00e4llsst\u00f6ttande arbete har vi kunnat somna om n\u00e4tterna med ett rent men falskt samvete. N\u00e4r sedan kulturyttringen &#8221;det m\u00e5ste vara min tur att f\u00e5 ta del av godbitarna&#8221; spridit sig s\u00e5 har det blivit f\u00f6r m\u00e5nga som anser sig beh\u00f6va st\u00f6d och f\u00f6r f\u00e5 som g\u00f6r vad de kan f\u00f6r att klara sig sj\u00e4lva f\u00f6r att kunna dela med sig av \u00f6verskottet till de som verkligen beh\u00f6ver. Samh\u00e4llet byggs upp av alla dess delar, och om alla delar litar p\u00e5 att n\u00e5gon annan b\u00e4r upp helheten. D\u00e5 rasar korthuset. Delar av Joels argument \u00e4r r\u00e4tt, men de anv\u00e4nds p\u00e5 fel s\u00e4tt och bevisar inte hans st\u00e5ndpunkter. Det beh\u00f6ver f\u00f6rtydligas Joel!<\/p>\n<p>Att Sj\u00f6l\u00e9n sedan avslutar med att konstatera att det finns andra v\u00e4rderingar \u00e4n att &#8221;tj\u00e4na-pengar-vara-lyckad-mentaliteten&#8221; \u00e4r ganska vackert. Jag h\u00e5ller ju med om att det finns viktigare v\u00e4rden i livet \u00e4n materiell status, jag k\u00e4mpar med mig sj\u00e4lv varje dag, men problemet \u00e4r att vi inte kan g\u00e5 barfota i gr\u00e4set hela dagarna. Vi m\u00e5ste f\u00f6rst se till att tj\u00e4na ihop till br\u00f6df\u00f6dan! Och det r\u00e4cker ju inte med min egen br\u00f6df\u00f6da. Vi m\u00e5ste dra in br\u00f6df\u00f6da till hela Sverige s\u00e5 att de som verkligen verkligen beh\u00f6ver det f\u00e5r st\u00f6d! N\u00e4r det \u00e4r klart. F\u00f6rst n\u00e4r det \u00e4r klart. D\u00e5 kan vi ta av oss skorna, g\u00e5 ut i gr\u00e4set och i m\u00f6rkret st\u00e5 stilla och lyssna p\u00e5 brunstiga r\u00e5djur som skriker ut sina v\u00e4rderingar i h\u00f6stnatten :)<br \/>\n\/peterA.se<\/p>\n<hr \/>\n<p>Hade nyss n\u00e5gra brunstiga r\u00e5djur i skogen bakom huset. De l\u00e4t som rytande lejon p\u00e5 en savann, nej skrikande babianer \u00e4sch. Jag gick ut i m\u00f6rkret, blundade och fascinerades av att ha naturen s\u00e5 n\u00e4ra. Tyv\u00e4rr k\u00f6rde bilarna f\u00f6rbi p\u00e5 v\u00e4gen bredvid och f\u00f6rs\u00f6kte f\u00f6rst\u00f6ra den vackra ljudbilden. Men jag var g\u00f6ad \u00e4nd\u00e5 :D<\/p>\n","protected":false},"excerpt":{"rendered":"<p>I Dagbladet i fredags, och i ST idag m\u00e5ndag fanns en intressant ins\u00e4ndare publicerad. Den handlade om att m\u00e4nniskor m\u00e5r d\u00e5ligt av h\u00f6ga prestationskrav. Jag som skrivit ett epos om att vi m\u00e5r d\u00e5ligt i fr\u00e5nvaron av krav, och tydlighet som kan f\u00f6rklara dem, blev genast engagerad och nyfiken. Jag k\u00e4nde igen tankarna men tyckte&hellip;<\/p>\n","protected":false},"author":2,"featured_media":0,"comment_status":"open","ping_status":"open","sticky":false,"template":"","format":"standard","meta":{"ngg_post_thumbnail":0,"footnotes":""},"categories":[4,5],"tags":[82,214,211,1270],"class_list":["post-142","post","type-post","status-publish","format-standard","hentry","category-manniskor","category-om-mig","tag-debatt","tag-politik","tag-samhalle","tag-sundsvall"],"aioseo_notices":[],"_links":{"self":[{"href":"https:\/\/www.petera.se\/blog\/wp-json\/wp\/v2\/posts\/142","targetHints":{"allow":["GET"]}}],"collection":[{"href":"https:\/\/www.petera.se\/blog\/wp-json\/wp\/v2\/posts"}],"about":[{"href":"https:\/\/www.petera.se\/blog\/wp-json\/wp\/v2\/types\/post"}],"author":[{"embeddable":true,"href":"https:\/\/www.petera.se\/blog\/wp-json\/wp\/v2\/users\/2"}],"replies":[{"embeddable":true,"href":"https:\/\/www.petera.se\/blog\/wp-json\/wp\/v2\/comments?post=142"}],"version-history":[{"count":10,"href":"https:\/\/www.petera.se\/blog\/wp-json\/wp\/v2\/posts\/142\/revisions"}],"predecessor-version":[{"id":144,"href":"https:\/\/www.petera.se\/blog\/wp-json\/wp\/v2\/posts\/142\/revisions\/144"}],"wp:attachment":[{"href":"https:\/\/www.petera.se\/blog\/wp-json\/wp\/v2\/media?parent=142"}],"wp:term":[{"taxonomy":"category","embeddable":true,"href":"https:\/\/www.petera.se\/blog\/wp-json\/wp\/v2\/categories?post=142"},{"taxonomy":"post_tag","embeddable":true,"href":"https:\/\/www.petera.se\/blog\/wp-json\/wp\/v2\/tags?post=142"}],"curies":[{"name":"wp","href":"https:\/\/api.w.org\/{rel}","templated":true}]}}