{"id":1477,"date":"2010-10-25T21:35:43","date_gmt":"2010-10-25T20:35:43","guid":{"rendered":"http:\/\/www.petera.se\/blog\/?p=1477"},"modified":"2010-10-31T22:21:11","modified_gmt":"2010-10-31T21:21:11","slug":"det-gar-i-ett","status":"publish","type":"post","link":"https:\/\/www.petera.se\/blog\/det-gar-i-ett","title":{"rendered":"Det g\u00e5r i ett"},"content":{"rendered":"<p>N\u00e4r kommer man \u00f6ver den d\u00e4r puckeln som man vandrat uppf\u00f6r s\u00e5 l\u00e4nge? F\u00f6r efter den ska det ju lugna ner sig s\u00e5 att man kan \u00e4gna sig \u00e5t det man borde&#8230;och inte bara \u00e5t det man vill ;) Och pl\u00f6tsligt ser jag att jag skriver &#8221;<em>man<\/em>&#8221; som att jag tar avst\u00e5nd fr\u00e5n det jag tycker, eller vad\u00e5? Jag \u00e4r v\u00e4l inte inne i eller uppe p\u00e5 n\u00e5n puckel. Jag \u00e4r mitt i en virvelvind :)<\/p>\n<p><a href=\"https:\/\/www.petera.se\/blog\/wp-content\/uploads\/2010\/10\/eKorren-2010-peterA.jpg\"><img decoding=\"async\" class=\"alignleft size-full wp-image-1478\" title=\"eKorren 2010 peterA\" src=\"https:\/\/www.petera.se\/blog\/wp-content\/uploads\/2010\/10\/eKorren-2010-peterA.jpg\" alt=\"\" width=\"265\" height=\"396\" srcset=\"https:\/\/www.petera.se\/blog\/wp-content\/uploads\/2010\/10\/eKorren-2010-peterA.jpg 530w, https:\/\/www.petera.se\/blog\/wp-content\/uploads\/2010\/10\/eKorren-2010-peterA-201x300.jpg 201w\" sizes=\"(max-width: 265px) 100vw, 265px\" \/><\/a>Har m\u00f6te imorrn p\u00e5 v\u00e5rt fina <a href=\"http:\/\/www.xn--framgngarna-18a.se\/mobler-antligen-bokar-moten\" target=\"_blank\">kontor<\/a> med Sundsvalls Kommun, Mittuniversitetet och Nordic Peak i ett projekt som d\u00f6ptes till (se d\u00e4r, mer neutrumretorik :) till eKorren. N\u00e4r ni ser maskoten s\u00e5 f\u00f6rst\u00e5r ni ju varf\u00f6r&#8230; Det \u00e4r ett j\u00e4kligt h\u00e4ftigt projekt d\u00e4r vi vill p\u00e5skynda samh\u00e4llsomst\u00e4llningen genom effektiva och individorienterade e-tj\u00e4nster! Kom ih\u00e5g var ni h\u00f6rde det f\u00f6rst, men <em>e-tj\u00e4nstedriven medborgarutveckling<\/em> \u00e4r n\u00e5got jag tror p\u00e5, som ett komplement och klockren sidekick till <em>medborgardriven e-tj\u00e4nsteutveckling<\/em> ;)<\/p>\n<p>Klyschan<em> Ingen kan g\u00f6ra allt, men alla kan g\u00f6ra n\u00e5gonting <\/em>\u00e4r ocks\u00e5 j\u00e4tteviktig. \u00a0Marginalisering \u00e4r en jobbig psykologisk effekt som hindrar v\u00e5rt enskilda samh\u00e4llsengagemang. Dels \u00e4r min egen del f\u00f6rsvinnande liten i ett globalt perspektiv, och dels ser jag s\u00e4llan effekterna av mina insatser. M\u00e4tning, redovisning och kommunikation \u00e4r viktiga verktyg f\u00f6r att r\u00e5da bot p\u00e5 detta, b\u00e5de n\u00e4r vi \u00e4r anst\u00e4llda och privata. Bara att skriva om det f\u00e5r det att vattnas i munnen p\u00e5 mig. Det h\u00e4r tar tid, l\u00e5ng tid, men det blir bra, och det \u00e4r s\u00e5 sp\u00e4nnande att arbeta med :)<\/p>\n","protected":false},"excerpt":{"rendered":"<p>N\u00e4r kommer man \u00f6ver den d\u00e4r puckeln som man vandrat uppf\u00f6r s\u00e5 l\u00e4nge? F\u00f6r efter den ska det ju lugna ner sig s\u00e5 att man kan \u00e4gna sig \u00e5t det man borde&#8230;och inte bara \u00e5t det man vill ;) Och pl\u00f6tsligt ser jag att jag skriver &#8221;man&#8221; som att jag tar avst\u00e5nd fr\u00e5n det jag&hellip;<\/p>\n","protected":false},"author":2,"featured_media":0,"comment_status":"open","ping_status":"open","sticky":false,"template":"","format":"standard","meta":{"ngg_post_thumbnail":0,"footnotes":""},"categories":[170,4,5],"tags":[103,799,798,485],"class_list":["post-1477","post","type-post","status-publish","format-standard","hentry","category-bilder","category-manniskor","category-om-mig","tag-bild","tag-ekorren","tag-hallbar-utveckling","tag-mote"],"aioseo_notices":[],"_links":{"self":[{"href":"https:\/\/www.petera.se\/blog\/wp-json\/wp\/v2\/posts\/1477","targetHints":{"allow":["GET"]}}],"collection":[{"href":"https:\/\/www.petera.se\/blog\/wp-json\/wp\/v2\/posts"}],"about":[{"href":"https:\/\/www.petera.se\/blog\/wp-json\/wp\/v2\/types\/post"}],"author":[{"embeddable":true,"href":"https:\/\/www.petera.se\/blog\/wp-json\/wp\/v2\/users\/2"}],"replies":[{"embeddable":true,"href":"https:\/\/www.petera.se\/blog\/wp-json\/wp\/v2\/comments?post=1477"}],"version-history":[{"count":7,"href":"https:\/\/www.petera.se\/blog\/wp-json\/wp\/v2\/posts\/1477\/revisions"}],"predecessor-version":[{"id":1503,"href":"https:\/\/www.petera.se\/blog\/wp-json\/wp\/v2\/posts\/1477\/revisions\/1503"}],"wp:attachment":[{"href":"https:\/\/www.petera.se\/blog\/wp-json\/wp\/v2\/media?parent=1477"}],"wp:term":[{"taxonomy":"category","embeddable":true,"href":"https:\/\/www.petera.se\/blog\/wp-json\/wp\/v2\/categories?post=1477"},{"taxonomy":"post_tag","embeddable":true,"href":"https:\/\/www.petera.se\/blog\/wp-json\/wp\/v2\/tags?post=1477"}],"curies":[{"name":"wp","href":"https:\/\/api.w.org\/{rel}","templated":true}]}}