{"id":1549,"date":"2010-12-16T23:43:53","date_gmt":"2010-12-16T22:43:53","guid":{"rendered":"http:\/\/www.petera.se\/blog\/?p=1549"},"modified":"2010-12-16T23:43:53","modified_gmt":"2010-12-16T22:43:53","slug":"perception-och-coaching-och-en-mus","status":"publish","type":"post","link":"https:\/\/www.petera.se\/blog\/perception-och-coaching-och-en-mus","title":{"rendered":"Perception och coaching &#8211; och en mus"},"content":{"rendered":"<p><em>Det \u00e4r l\u00e4tt att tro att perception \u00e4r den objektiva sammans\u00e4ttningen av de olika sinnesintryck vi tar emot med v\u00e5ra sinnen, att vi ser det som sker. Men vid n\u00e4rmare studier \u00e4r det uppenbart att vi m\u00e4nniskor inte \u00e4r gjorda f\u00f6r att g\u00f6ra objektiva iakttagelser av v\u00e5r omgivning. Vi \u00e4r skapta f\u00f6r att \u00f6verleva och fortplanta oss, och f\u00f6r dessa behov \u00e4r absolut perceptuell sanning inte n\u00e5got viktigt. En viss \u00f6verensst\u00e4mmelse m\u00e5ste naturligtvis finnas, att uppfatta ett lejon som ett vattenh\u00e5l skulle inte vara n\u00e5gon effektiv strategi f\u00f6r m\u00e4nniskan p\u00e5 savannen. D\u00e4remot \u00e4r det framg\u00e5ngsrikt att en tr\u00f6tt och stressad m\u00e4nniska inte springer uppf\u00f6r en brant backe i on\u00f6dan, och d\u00e4rf\u00f6r upplevs backen som perceptuellt brantare \u00e4n den \u00e4r, eller som den upplevs i lugnt tillst\u00e5nd.<\/em><\/p>\n<p><em> Insikt om perceptuella fallgropar som dessa inneb\u00e4r en utmaning som coach i samtal med klienter. Mycket av samtalen handlar om att f\u00e5 klienten att f\u00f6rst\u00e5 sina behov och uttrycka sina m\u00e5l, men f\u00f6r att kunna beskriva sin situation och hitta v\u00e4gar runt hindren beh\u00f6ver vi ibland ledas till andra tolkningar och f\u00e5 hj\u00e4lp att minimera de perceptuella f\u00e4llor som v\u00e5ra omedvetna kognitiva processer kan inneb\u00e4ra. Om vi dessutom lyckas \u00e5stadkomma en samtals\u00admilj\u00f6 utan on\u00f6diga perceptuella st\u00f6rningar kanske vi dessutom lyckas n\u00e5 st\u00f6rre insikter och utvecklas tillsammans.<\/em><\/p>\n<p>S\u00e5 b\u00f6rjar min inl\u00e4mningsuppgift i kognitionskurs nummer tv\u00e5, l\u00e4s den p\u00e5 <a href=\"https:\/\/www.petera.se\/blog\/wp-content\/uploads\/2010\/12\/a10petax_KogF_inlup2.pdf\">a10petax_KogF_inlup2<\/a>. Jag skulle producera en rapport om ett kognitivt fenomen och koppla det till egna erfarenheter. Exempel p\u00e5 uppgift var att beskriva hur en trollkarl lurar oss med medveten avledning, hur k\u00e4rlek och passion uppst\u00e5r, n\u00e4r minnet sviker osv :) Jag valde det lilla \u00e4mnet att f\u00f6rklara de kognitiva aspekterna av coaching och tog en s\u00e5 stor tugga att jag var n\u00e4ra att storkna i tisdags kv\u00e4ll. Efter hj\u00e4rnkramp och omtag skrev jag ur endast perceptions-perspektivet, dvs hur vi tar in sinnesintryck och vilka fallgropar som lurar runt h\u00f6rnet. Jag ins\u00e5g att jag har talang, och att jag nosat upp dessa effekter sedan tidigare. Nu fick jag vetenskapliga bevis p\u00e5 att jag g\u00f6r r\u00e4tt och ett sp\u00e5r efter mer&#8230;hur fungerar egentligen \u00e5terh\u00e4mtningen av minnet, och hur p\u00e5verkas det av den sinnesst\u00e4mning jag \u00e4r i? Hur \u00e4ndras minnet i efterhand av de nya minnen som lagras bredvid?<\/p>\n<p>Wow, det h\u00e4r \u00e4r s\u00e5 l\u00e4ckert :D<\/p>\n","protected":false},"excerpt":{"rendered":"<p>Det \u00e4r l\u00e4tt att tro att perception \u00e4r den objektiva sammans\u00e4ttningen av de olika sinnesintryck vi tar emot med v\u00e5ra sinnen, att vi ser det som sker. Men vid n\u00e4rmare studier \u00e4r det uppenbart att vi m\u00e4nniskor inte \u00e4r gjorda f\u00f6r att g\u00f6ra objektiva iakttagelser av v\u00e5r omgivning. Vi \u00e4r skapta f\u00f6r att \u00f6verleva och&hellip;<\/p>\n","protected":false},"author":2,"featured_media":0,"comment_status":"open","ping_status":"open","sticky":false,"template":"","format":"standard","meta":{"ngg_post_thumbnail":0,"footnotes":""},"categories":[4,5],"tags":[109,60,779,697,803,823,780],"class_list":["post-1549","post","type-post","status-publish","format-standard","hentry","category-manniskor","category-om-mig","tag-coaching","tag-insikt","tag-kognition","tag-minne","tag-perception","tag-rattfalla","tag-skovde"],"aioseo_notices":[],"_links":{"self":[{"href":"https:\/\/www.petera.se\/blog\/wp-json\/wp\/v2\/posts\/1549","targetHints":{"allow":["GET"]}}],"collection":[{"href":"https:\/\/www.petera.se\/blog\/wp-json\/wp\/v2\/posts"}],"about":[{"href":"https:\/\/www.petera.se\/blog\/wp-json\/wp\/v2\/types\/post"}],"author":[{"embeddable":true,"href":"https:\/\/www.petera.se\/blog\/wp-json\/wp\/v2\/users\/2"}],"replies":[{"embeddable":true,"href":"https:\/\/www.petera.se\/blog\/wp-json\/wp\/v2\/comments?post=1549"}],"version-history":[{"count":2,"href":"https:\/\/www.petera.se\/blog\/wp-json\/wp\/v2\/posts\/1549\/revisions"}],"predecessor-version":[{"id":1552,"href":"https:\/\/www.petera.se\/blog\/wp-json\/wp\/v2\/posts\/1549\/revisions\/1552"}],"wp:attachment":[{"href":"https:\/\/www.petera.se\/blog\/wp-json\/wp\/v2\/media?parent=1549"}],"wp:term":[{"taxonomy":"category","embeddable":true,"href":"https:\/\/www.petera.se\/blog\/wp-json\/wp\/v2\/categories?post=1549"},{"taxonomy":"post_tag","embeddable":true,"href":"https:\/\/www.petera.se\/blog\/wp-json\/wp\/v2\/tags?post=1549"}],"curies":[{"name":"wp","href":"https:\/\/api.w.org\/{rel}","templated":true}]}}