{"id":1570,"date":"2011-01-12T20:51:21","date_gmt":"2011-01-12T19:51:21","guid":{"rendered":"http:\/\/www.petera.se\/blog\/?p=1570"},"modified":"2011-01-12T20:51:21","modified_gmt":"2011-01-12T19:51:21","slug":"fotograferat-och-gjort-annat-ett-tag","status":"publish","type":"post","link":"https:\/\/www.petera.se\/blog\/fotograferat-och-gjort-annat-ett-tag","title":{"rendered":"Fotograferat och gjort annat ett tag"},"content":{"rendered":"<p>Wow, vilken sk\u00f6n julperiod det varit. Jag har gjort massor av roliga saker. Trots att jag jobbat och firat jul och ny\u00e5r, arrangerat slalomt\u00e4vlingar och fotograferat och funderat en massa&#8230;s\u00e5 har jag vilat och slappnat av :) Jag har slappnat av s\u00e5 till den milda grad att hj\u00e4rnan p\u00e5 ny\u00e5rsdagen b\u00f6rjade krypa sj\u00e4lv (!) och p\u00e5kalla uppm\u00e4rksamhet ;) Jag fick g\u00e5 undan och ta fram anteckningsboken och f\u00f6rbluffat se p\u00e5 n\u00e4r jag skrev och ritade och formade de mest fantastiska id\u00e9er som jag &#8230;hmmm&#8230; n\u00e5nsin haft under mitt liv&#8230; tror jag :D Jag la grunderna till en fantastisk mix av kategoriseringar och abstraktionsniv\u00e5er kombinerat med situationer kring mellanm\u00e4nsklig kommunikation och f\u00f6r\u00e4ndringsarbete. Det blev dock s\u00e5 j\u00e4kla stort att jag haft sv\u00e5rt att sm\u00e4lta och drabbats av tangentbordsh\u00e4fta och inte f\u00e5tt ur mig detta p\u00e5 n\u00e5t vettigt s\u00e4tt. D\u00e4remot har jag anv\u00e4nt tankarna p\u00e5 m\u00e5nga st\u00e4llen och haft enorma framg\u00e5ngar. Jag har till och med (!) lyckats f\u00f6rklara de virriga id\u00e9erna f\u00f6r andra s\u00e5 att de har f\u00f6rst\u00e5tt och kunnat anv\u00e4nda sig av modellerna. Bara en s\u00e5n sak :)<\/p>\n<p>Jag har fotat en hel del ocks\u00e5. N\u00e5dde v\u00e4l en femtusen bilder under jul och ny\u00e5r och har haft ett massivt arbete att sortera och redigera och se till att de kommer ut p\u00e5 r\u00e4tt st\u00e4llen p\u00e5 det v\u00e4rldsomsp\u00e4nnade datan\u00e4tet ;) Tjejerna deltog i Nolbyr\u00e4nnan under trettonhelgen och jag har lagt ut de bilderna p\u00e5 <a href=\"http:\/\/www.facebook.com\/pages\/Nolby-Alpina\/151574958202250\" target=\"_blank\">Nolby Alpinas Facebooksida<\/a> och h\u00e4r p\u00e5 bloggen p\u00e5 <a href=\"http:\/\/www.peterA.se\/blog\/nolbyalpina\">Nolby Alpinas fotosida<\/a>.<\/p>\n<p>\u00c4r just nu mitt uppe i en tenta i kognition s\u00e5 mina magiska modeller f\u00e5r v\u00e4nta p\u00e5 publicering ett tag, men den som v\u00e4ntar&#8230; :)<\/p>\n","protected":false},"excerpt":{"rendered":"<p>Wow, vilken sk\u00f6n julperiod det varit. Jag har gjort massor av roliga saker. Trots att jag jobbat och firat jul och ny\u00e5r, arrangerat slalomt\u00e4vlingar och fotograferat och funderat en massa&#8230;s\u00e5 har jag vilat och slappnat av :) Jag har slappnat av s\u00e5 till den milda grad att hj\u00e4rnan p\u00e5 ny\u00e5rsdagen b\u00f6rjade krypa sj\u00e4lv (!) och&hellip;<\/p>\n","protected":false},"author":2,"featured_media":0,"comment_status":"open","ping_status":"open","sticky":false,"template":"","format":"standard","meta":{"ngg_post_thumbnail":0,"footnotes":""},"categories":[170,5],"tags":[1269,31,826,235,827,1274,1275],"class_list":["post-1570","post","type-post","status-publish","format-standard","hentry","category-bilder","category-om-mig","tag-bilder","tag-forandring","tag-kategorisering","tag-kommunikation","tag-modell","tag-nolby","tag-slalom"],"aioseo_notices":[],"_links":{"self":[{"href":"https:\/\/www.petera.se\/blog\/wp-json\/wp\/v2\/posts\/1570","targetHints":{"allow":["GET"]}}],"collection":[{"href":"https:\/\/www.petera.se\/blog\/wp-json\/wp\/v2\/posts"}],"about":[{"href":"https:\/\/www.petera.se\/blog\/wp-json\/wp\/v2\/types\/post"}],"author":[{"embeddable":true,"href":"https:\/\/www.petera.se\/blog\/wp-json\/wp\/v2\/users\/2"}],"replies":[{"embeddable":true,"href":"https:\/\/www.petera.se\/blog\/wp-json\/wp\/v2\/comments?post=1570"}],"version-history":[{"count":1,"href":"https:\/\/www.petera.se\/blog\/wp-json\/wp\/v2\/posts\/1570\/revisions"}],"predecessor-version":[{"id":1571,"href":"https:\/\/www.petera.se\/blog\/wp-json\/wp\/v2\/posts\/1570\/revisions\/1571"}],"wp:attachment":[{"href":"https:\/\/www.petera.se\/blog\/wp-json\/wp\/v2\/media?parent=1570"}],"wp:term":[{"taxonomy":"category","embeddable":true,"href":"https:\/\/www.petera.se\/blog\/wp-json\/wp\/v2\/categories?post=1570"},{"taxonomy":"post_tag","embeddable":true,"href":"https:\/\/www.petera.se\/blog\/wp-json\/wp\/v2\/tags?post=1570"}],"curies":[{"name":"wp","href":"https:\/\/api.w.org\/{rel}","templated":true}]}}