{"id":1573,"date":"2011-01-18T08:47:28","date_gmt":"2011-01-18T07:47:28","guid":{"rendered":"http:\/\/www.petera.se\/blog\/?p=1573"},"modified":"2011-01-18T09:02:02","modified_gmt":"2011-01-18T08:02:02","slug":"a-dream-within-a-dream","status":"publish","type":"post","link":"https:\/\/www.petera.se\/blog\/a-dream-within-a-dream","title":{"rendered":"A dream within a dream"},"content":{"rendered":"<p>Vaknade med ett ryck i natt. Det var kolsvart och tr\u00e5ngt i s\u00e4ngen. Hj\u00e4rtat pumpade frenetiskt, adrenalinet forsade genom \u00e5drorna och jag var r\u00e4dd, n\u00e4stintill skr\u00e4ckslagen. Jag hade just blivit dragen i h\u00e5ret och sl\u00e4ngd med stor kraft i backen. Och vaknat upp p\u00e5 golvet bredvid s\u00e4ngen med andan i halsen. Och insett att det bara var en l\u00e4skig dr\u00f6m.<\/p>\n<p><em>Take this kiss upon the brow!<br \/>\nAnd, in parting from you now,<br \/>\nThus much let me avow-<br \/>\nYou are not wrong, who deem<br \/>\nThat my days have been a dream;<br \/>\nYet if hope has flown away<br \/>\nIn a night, or in a day,<br \/>\nIn a vision, or in none,<br \/>\nIs it therefore the less gone?<br \/>\nAll that we see or seem<br \/>\nIs but a dream within a dream.<br \/>\n<\/em> [<a href=\"http:\/\/sv.wikipedia.org\/wiki\/Edgar_Allan_Poe\" target=\"_blank\">Edgar Allan Poe<\/a>, A dream within a dream]<\/p>\n<p>Det roliga \u00e4r att min upplevelse endast var en dr\u00f6m! Jag vaknade upp i s\u00e4ngen, med t\u00e4cket p\u00e5 mig, svettig och r\u00e4dd och med hj\u00e4rtat bultande. Men jag ins\u00e5g att jag dr\u00f6mt att jag dr\u00f6mt att jag blivit dragen i h\u00e5ret och vaknat p\u00e5 golvet. Men det var allts\u00e5 ocks\u00e5 en dr\u00f6m, och i verkligheten l\u00e5g jag i min s\u00e4ng och hade det tr\u00e5ngt och varmt.<\/p>\n<p>Hur kan jag vara s\u00e4ker p\u00e5 att jag inte dr\u00f6mmer nu?<\/p>\n","protected":false},"excerpt":{"rendered":"<p>Vaknade med ett ryck i natt. Det var kolsvart och tr\u00e5ngt i s\u00e4ngen. Hj\u00e4rtat pumpade frenetiskt, adrenalinet forsade genom \u00e5drorna och jag var r\u00e4dd, n\u00e4stintill skr\u00e4ckslagen. Jag hade just blivit dragen i h\u00e5ret och sl\u00e4ngd med stor kraft i backen. Och vaknat upp p\u00e5 golvet bredvid s\u00e4ngen med andan i halsen. Och insett att det&hellip;<\/p>\n","protected":false},"author":2,"featured_media":0,"comment_status":"open","ping_status":"open","sticky":false,"template":"","format":"standard","meta":{"ngg_post_thumbnail":0,"footnotes":""},"categories":[5],"tags":[163,585,828],"class_list":["post-1573","post","type-post","status-publish","format-standard","hentry","category-om-mig","tag-dikt","tag-drommar","tag-poe"],"aioseo_notices":[],"_links":{"self":[{"href":"https:\/\/www.petera.se\/blog\/wp-json\/wp\/v2\/posts\/1573","targetHints":{"allow":["GET"]}}],"collection":[{"href":"https:\/\/www.petera.se\/blog\/wp-json\/wp\/v2\/posts"}],"about":[{"href":"https:\/\/www.petera.se\/blog\/wp-json\/wp\/v2\/types\/post"}],"author":[{"embeddable":true,"href":"https:\/\/www.petera.se\/blog\/wp-json\/wp\/v2\/users\/2"}],"replies":[{"embeddable":true,"href":"https:\/\/www.petera.se\/blog\/wp-json\/wp\/v2\/comments?post=1573"}],"version-history":[{"count":4,"href":"https:\/\/www.petera.se\/blog\/wp-json\/wp\/v2\/posts\/1573\/revisions"}],"predecessor-version":[{"id":1575,"href":"https:\/\/www.petera.se\/blog\/wp-json\/wp\/v2\/posts\/1573\/revisions\/1575"}],"wp:attachment":[{"href":"https:\/\/www.petera.se\/blog\/wp-json\/wp\/v2\/media?parent=1573"}],"wp:term":[{"taxonomy":"category","embeddable":true,"href":"https:\/\/www.petera.se\/blog\/wp-json\/wp\/v2\/categories?post=1573"},{"taxonomy":"post_tag","embeddable":true,"href":"https:\/\/www.petera.se\/blog\/wp-json\/wp\/v2\/tags?post=1573"}],"curies":[{"name":"wp","href":"https:\/\/api.w.org\/{rel}","templated":true}]}}