{"id":16,"date":"2007-12-31T00:48:00","date_gmt":"2007-12-30T23:48:00","guid":{"rendered":"http:\/\/www.petera.se\/blog\/?p=16"},"modified":"2007-12-31T00:48:00","modified_gmt":"2007-12-30T23:48:00","slug":"ett-ar-har-gatt-jag-ar-mig-lik","status":"publish","type":"post","link":"https:\/\/www.petera.se\/blog\/ett-ar-har-gatt-jag-ar-mig-lik","title":{"rendered":"Ett \u00e5r har g\u00e5tt &#8211; jag \u00e4r mig lik"},"content":{"rendered":"<div>Gode Gud, l\u00e5t mig idag, om s\u00e5 bara idag, klara av att slutf\u00f6ra en enda &#8230; oh, titta d\u00e4r \u00e4r en f\u00e5gel!<\/div>\n<div>Det d\u00e4r \u00e4r jag i ett n\u00f6tskal. Fick h\u00f6ra att den morgonb\u00f6nen \u00e4r f\u00f6r s\u00e5na som jag. F\u00f6r s\u00e5na som startar n\u00e5got, full av energi, av entusiasm och av en enveten tro p\u00e5 att det finns n\u00e5got stor bakom n\u00e4sta kr\u00f6n. Jag drivs av lusten att lra. Drivs av det underbara i att f\u00f6rst\u00e5 n\u00e5got mer, n\u00e5got st\u00f6rre. Den h\u00e4r bloggen var ett s\u00e4tt att skriva dagbok, att f\u00e5 ur mig tankar som jag bar p\u00e5, och jag fick se ett helt nytt s\u00e4tt att kommunicera! <\/div>\n<div>Nu blev det ju inte s\u00e5 mycket kommunicerat i bloggv\u00e4g under 2007. jag bytte jobb och fick annat att t\u00e4nka p\u00e5 :) S\u00e5 kan det g\u00e5, och s\u00e5 g\u00e5r det ofta n\u00e4r peterA \u00e4r i farten. D\u00e4rf\u00f6r \u00e4r det lite konstigt att jag under \u00e5ret f\u00e5tt ansvara f\u00f6r att h\u00e5lla ihop v\u00e5r ekonomiska uppf\u00f6ljning och prognos och att utveckla rutiner och mallar f\u00f6r detsamma. Ett arbete som kr\u00e4ver t\u00e5lmodighet, nogrannhet och ett stort m\u00e5tt av kontinuitet. Inga snabba kast n\u00e4r vi snackar resultatuppf\u00f6ljning d\u00e4r inte! Men likf\u00f6rbaskat s\u00e5 har jag jobbat p\u00e5 med det, samtidigt som jag l\u00e4rt mig en massa annat under \u00e5ret. <\/div>\n<div>Jag lovar inget s\u00e5 h\u00e4r sista dagen p\u00e5 \u00e5ret. Jag \u00e4r f\u00f6r insiktsfull f\u00f6r det. Men jag hoppas (och f\u00f6r den ordk\u00e4nslige infinner sig ett m\u00e5tt av oansvar i min f\u00f6rhoppning d\u00e5 jag knappast verkar styra \u00f6ver resultatet sj\u00e4lv d\u00e5;) att jag kan hitta ett s\u00e4tt att g\u00f6ra bloggandet till en vana. P\u00e5 samma s\u00e4tt som jag numer stolt h\u00e4nger upp handdukarna p\u00e5 handduksh\u00e4ngaren och inte \u00f6ver duschdraperiet. P\u00e5 samma s\u00e4tt som jag av vana \u00e4r inne p\u00e5 fotosidan.se och kommenterar andras bilder och putsar p\u00e5 egna (se f\u00f6r \u00f6vrigt albumet om Gaudis Barcelona h\u00e4rintill. Ett album som jag (kors i taket) \u00e4r f\u00f6rbannat n\u00f6jd med sj\u00e4lv). Jag har s\u00e5 m\u00e5nga tankar jag skulle vilja lagra \u00e5t mig sj\u00e4lv och m\u00e5tte jag hitta ett s\u00e4tt att f\u00e5 ur mig dom. N\u00e5gra av dem har under \u00e5ret handlat om <strong>makt<\/strong> och det har jag ju skrivit om, men ocks\u00e5 <strong>f\u00f6rtroendeniv\u00e5er<\/strong> som jag t\u00e4nkte p\u00e5 2005 och som gjort stor comeback i \u00e5r med de nya maktstrukturer som jag hamnat i p\u00e5 ny arbetsplats. Att \u00e5ka hiss mellan f\u00f6rtroendeniv\u00e5er med samma och olika m\u00e4nnskor beroende p\u00e5 situation och grupp \u00e4r sp\u00e4nnande. Hur f\u00f6rh\u00e5ller jag mig med <em>x <\/em>i enrum, och vem har jag st\u00f6rst f\u00f6rstroende f\u00f6r och st\u00f6rst \u00f6ppenhet med n\u00e4r pl\u00f6tsligt <em>y <\/em>kommer in i rummet. Kan jag prata p\u00e5 samma \u00f6ppna s\u00e4tt. M\u00e5ste jag prata p\u00e5 ett \u00f6ppnare s\u00e4tt. Vad inneb\u00e4r det f\u00f6r mig som individ, och f\u00f6r oss som grupp? En annan tankekedja jag haft \u00e4r ju <strong>f\u00f6r\u00e4ndring och stress<\/strong>, som sedemera efter en USB-krasch kom att heta F\u00f6r\u00e4ndring utan stress p\u00e5 Sundsvall42. <strong>F\u00f6r\u00e4ndring<\/strong> har p\u00e5verkat hela \u00e5ret eftersom jag levt och drivit det var\u00e4n jag arbetat. D\u00e4r finns m\u00e5nga of\u00f6rl\u00f6sta tankar och id\u00e9er. Som gr\u00e4dde p\u00e5 moset kommer ju hela <strong>organisations-verksamhets-chefskapsgrejen<\/strong> med reflektioner om hur en organisation styrs. Var sker strategisk planering och styrning, var sker det taktiska arbetet och hur ser vi till att operationen blir effektiv. Tre niv\u00e5er av olika slag och de drivs p\u00e5 olika s\u00e4tt med olika egenskaper och beteenden p\u00e5 olika st\u00e4llen i organisationen. De f\u00f6ljs p\u00e5 olika s\u00e4tt och styrs p\u00e5 olika s\u00e4tt, fast\u00e4n i omv\u00e4nd ordning :) Kan det vara s\u00e5 att det \u00e4r viktigt att hitta r\u00e4tt plats och r\u00e4tt person. En operativt orienterad eller mogen m\u00e4nniska har kanske sv\u00e5rt att arbeta med eller till och med leda ett strategiskt arbete &#8211; och vice versa. Imponerande d\u00e5 att jag \u00e4nd\u00e5 klarat av att utveckla v\u00e5ra uppf\u00f6ljningsrutiner ;) Och n\u00e4stan det coolaste av allt, jag har ju f\u00e5tt f\u00f6lja med <strong>en ny VD:s v\u00e4g<\/strong> in i organisationen. En ny ledare i vargflocken, en ny hona i toppen av elefanthjordens hierarki &#8211; och jag som en del av organisationen men ocks\u00e5 en del av ledarskapet. Med\u00a0str\u00e4vsamt\u00a0stretande\u00a0i den normala operativa verksamheten, men ocks\u00e5 med inblick och p\u00e5verkan p\u00e5 det strategiska f\u00f6r\u00e4ndringsarbetet. Vad \u00e4r det f\u00f6rsta som ska g\u00f6ras i den nya organisationen, snabbt bita ihj\u00e4l alla lejonungar f\u00f6r att s\u00e4kra de egna generna och p\u00e5 k\u00f6pet tappa all verksamhetskompetens, eller ta 100 dagar f\u00f6r att l\u00e4ra sig verksamheten och bli upp\u00e4ten av kulturen? Om jag skulle f\u00e5 eller ta chansen att ta ett VD-uppdrag, vilken personlig strategi skulle jag beh\u00f6va ha med mina styrkor och brister? Det \u00e4r en sp\u00e4nnande m\u00f6jlighet som jag verkligen tar chansen att utforska. <\/div>\n<div> <\/div>\n<div>\n<div>Ja just det, jag har ju ocks\u00e5 b\u00f6rjat med <strong>avslappnings\u00f6vningar f\u00f6r min 8-\u00e5ring<\/strong>. Hon har byggt ett rum \u00e5t sig som hon vill g\u00e5 till varje kv\u00e4ll. Hon kan g\u00e5 dit sj\u00e4lv nu om jag inte \u00e4r med, och d\u00e4r h\u00e4nder magiska saker, och d\u00e4r \u00e4r hon tuff och stor och stark och jag har s\u00e5 m\u00e5nga funderingar kring detta. Jag s\u00f6ker med ljus och lykta efter kunskap och andra som st\u00f6ttar och utvecklar sitt barn s\u00e5 h\u00e4r men har hittat v\u00e4ldigt lite \u00e4n s\u00e5 l\u00e4nge. Kanske 2008&#8230;<\/div>\n<\/p><\/div>\n<div>N\u00e5v\u00e4l, ett \u00e5r \u00e4r g\u00e5tt, och det har varit gott p\u00e5 m\u00e5nga s\u00e4tt. Alla de m\u00e4rkligheter och obekv\u00e4ma situationer jag hamnat i,\u00a0all den stress och press jag k\u00e4nt samt alla misslyckanden jag gjort under \u00e5ret har gett s\u00e5 m\u00e5nga insikter och sk\u00f6na reflektioner att det har varit inte bara uth\u00e4rdligt utan l\u00e4tt beroendeframkallande. S\u00e5 lt mig hoppas att 2008 blir ett lika sp\u00e4nnande och utvecklande \u00e5r, men \u00e5t det mer kontrollerade och styrda h\u00e5llet.<\/div>\n<div> <\/div>\n<div>Ett \u00e5r har g\u00e5tt &#8211;\u00a0jag \u00e4r mig lik &#8211; s\u00e5 sk\u00f6nt :-)<\/div>\n<div>Gott Nytt \u00c5r alla mina k\u00e4ra medm\u00e4nniskor!<\/div>\n<div>\/peterA<\/div>\n","protected":false},"excerpt":{"rendered":"<p>Gode Gud, l\u00e5t mig idag, om s\u00e5 bara idag, klara av att slutf\u00f6ra en enda &#8230; oh, titta d\u00e4r \u00e4r en f\u00e5gel! Det d\u00e4r \u00e4r jag i ett n\u00f6tskal. Fick h\u00f6ra att den morgonb\u00f6nen \u00e4r f\u00f6r s\u00e5na som jag. F\u00f6r s\u00e5na som startar n\u00e5got, full av energi, av entusiasm och av en enveten tro p\u00e5&hellip;<\/p>\n","protected":false},"author":2,"featured_media":0,"comment_status":"open","ping_status":"open","sticky":false,"template":"","format":"standard","meta":{"ngg_post_thumbnail":0,"footnotes":""},"categories":[4],"tags":[],"class_list":["post-16","post","type-post","status-publish","format-standard","hentry","category-manniskor"],"aioseo_notices":[],"_links":{"self":[{"href":"https:\/\/www.petera.se\/blog\/wp-json\/wp\/v2\/posts\/16","targetHints":{"allow":["GET"]}}],"collection":[{"href":"https:\/\/www.petera.se\/blog\/wp-json\/wp\/v2\/posts"}],"about":[{"href":"https:\/\/www.petera.se\/blog\/wp-json\/wp\/v2\/types\/post"}],"author":[{"embeddable":true,"href":"https:\/\/www.petera.se\/blog\/wp-json\/wp\/v2\/users\/2"}],"replies":[{"embeddable":true,"href":"https:\/\/www.petera.se\/blog\/wp-json\/wp\/v2\/comments?post=16"}],"version-history":[{"count":0,"href":"https:\/\/www.petera.se\/blog\/wp-json\/wp\/v2\/posts\/16\/revisions"}],"wp:attachment":[{"href":"https:\/\/www.petera.se\/blog\/wp-json\/wp\/v2\/media?parent=16"}],"wp:term":[{"taxonomy":"category","embeddable":true,"href":"https:\/\/www.petera.se\/blog\/wp-json\/wp\/v2\/categories?post=16"},{"taxonomy":"post_tag","embeddable":true,"href":"https:\/\/www.petera.se\/blog\/wp-json\/wp\/v2\/tags?post=16"}],"curies":[{"name":"wp","href":"https:\/\/api.w.org\/{rel}","templated":true}]}}