{"id":1606,"date":"2011-02-12T11:01:37","date_gmt":"2011-02-12T10:01:37","guid":{"rendered":"http:\/\/www.petera.se\/blog\/?p=1606"},"modified":"2011-02-12T11:02:24","modified_gmt":"2011-02-12T10:02:24","slug":"jobbigt-nar-det-blaser-men","status":"publish","type":"post","link":"https:\/\/www.petera.se\/blog\/jobbigt-nar-det-blaser-men","title":{"rendered":"Jobbigt n\u00e4r det bl\u00e5ser men&#8230;"},"content":{"rendered":"<p>&#8230;n\u00e4r det flyger in kola i min \u00f6ppna mun k\u00e4nner jag styrka att forts\u00e4tta uts\u00e4tta mig f\u00f6r stormvindarna :) Tre veckors sjukdom och VAB har kombinerats med planering f\u00f6r Mias f\u00f6delsedag i torsdags, hennes stora fest ikv\u00e4ll, flertalet offerter p\u00e5 jobbet, kulturresan som startar och s\u00e5 den nya kursen i Social Interaktion och Kognition.<\/p>\n<p>Mias f\u00f6delsedag blev en h\u00f6jdare! Hela dagen var fylld av firande och mys, och kv\u00e4llen avslutades med j\u00e4ttegod mat och fantastiskt Amaronevin, tack Johan ;D N\u00e4r s\u00e5dana kolabitar flyger omkring i stormen och hittar sin v\u00e4g in i munnen, d\u00e5 \u00e4r det m\u00f6dan v\u00e4rd ;) Ikv\u00e4ll har \u00a0vi planerat fest, och det kommer att bli kanon. Jag vet redan nu att det blir m\u00f6dan v\u00e4rd, s\u00e5 d\u00e4r \u00e4r en till kolabit.<\/p>\n<p>Idag p\u00e5 f\u00f6rmiddagen tog jag det f\u00f6rsta diagnostiska test-quizet i kognition. Det \u00e4r f\u00f6rsta g\u00e5ngen jag g\u00f6r ett tidsbegr\u00e4nsat prov p\u00e5 webben, och det var r\u00e4tt nerv\u00f6st. Jag hade 28 minuter p\u00e5 mig f\u00f6r 25 flervalsfr\u00e5gor (fem val per fr\u00e5ga). Jag hade tv\u00e5 hela b\u00f6cker (!), fyra artiklar och fyra inspelade f\u00f6rel\u00e4sningar att studera, och jag l\u00e5g som vanligt efter i studietakten :) L\u00e4ste det sista i spegelneuronboken ig\u00e5r kv\u00e4ll, \u00f6vade genom att snabblyssna p\u00e5 f\u00f6rel\u00e4sningarna nu p\u00e5 morgonen, skickade barnen ut i sn\u00f6n och frun i duschen&#8230;och sen p\u00e5&#8217;t bara.<\/p>\n<p>Kolan fl\u00f6g rakt in i munnen :) Jag lyckades klara gr\u00e4nserna f\u00f6r b\u00e5de G och VG med 23 r\u00e4tt av 25 m\u00f6jliga. Phjuhh, s\u00e5 sk\u00f6nt, och den h\u00e4r g\u00e5ngen klandrar jag inte mina f\u00f6rberedelser eller min f\u00f6rm\u00e5ga att dra p\u00e5 mig s\u00e5 mycket. Jag gillar ju det h\u00e4r och g\u00f6r det ju fantastiskt bra! Mer affirmationer :D Ikv\u00e4ll ska jag festa och fira allt!!<\/p>\n<p>ps. Spegelneuroner, that&#8217;s the shit! Du kommer att h\u00f6ra mer om det :)<\/p>\n","protected":false},"excerpt":{"rendered":"<p>&#8230;n\u00e4r det flyger in kola i min \u00f6ppna mun k\u00e4nner jag styrka att forts\u00e4tta uts\u00e4tta mig f\u00f6r stormvindarna :) Tre veckors sjukdom och VAB har kombinerats med planering f\u00f6r Mias f\u00f6delsedag i torsdags, hennes stora fest ikv\u00e4ll, flertalet offerter p\u00e5 jobbet, kulturresan som startar och s\u00e5 den nya kursen i Social Interaktion och Kognition. Mias&hellip;<\/p>\n","protected":false},"author":2,"featured_media":0,"comment_status":"open","ping_status":"open","sticky":false,"template":"","format":"standard","meta":{"ngg_post_thumbnail":0,"footnotes":""},"categories":[5],"tags":[850,298,779,847,68,848,846,849,66],"class_list":["post-1606","post","type-post","status-publish","format-standard","hentry","category-om-mig","tag-amarone","tag-fest","tag-kognition","tag-prov","tag-sjukdom","tag-social-interaktion","tag-spegelneuroner","tag-stormvind","tag-vab"],"aioseo_notices":[],"_links":{"self":[{"href":"https:\/\/www.petera.se\/blog\/wp-json\/wp\/v2\/posts\/1606","targetHints":{"allow":["GET"]}}],"collection":[{"href":"https:\/\/www.petera.se\/blog\/wp-json\/wp\/v2\/posts"}],"about":[{"href":"https:\/\/www.petera.se\/blog\/wp-json\/wp\/v2\/types\/post"}],"author":[{"embeddable":true,"href":"https:\/\/www.petera.se\/blog\/wp-json\/wp\/v2\/users\/2"}],"replies":[{"embeddable":true,"href":"https:\/\/www.petera.se\/blog\/wp-json\/wp\/v2\/comments?post=1606"}],"version-history":[{"count":3,"href":"https:\/\/www.petera.se\/blog\/wp-json\/wp\/v2\/posts\/1606\/revisions"}],"predecessor-version":[{"id":1609,"href":"https:\/\/www.petera.se\/blog\/wp-json\/wp\/v2\/posts\/1606\/revisions\/1609"}],"wp:attachment":[{"href":"https:\/\/www.petera.se\/blog\/wp-json\/wp\/v2\/media?parent=1606"}],"wp:term":[{"taxonomy":"category","embeddable":true,"href":"https:\/\/www.petera.se\/blog\/wp-json\/wp\/v2\/categories?post=1606"},{"taxonomy":"post_tag","embeddable":true,"href":"https:\/\/www.petera.se\/blog\/wp-json\/wp\/v2\/tags?post=1606"}],"curies":[{"name":"wp","href":"https:\/\/api.w.org\/{rel}","templated":true}]}}