{"id":1628,"date":"2011-02-27T10:00:36","date_gmt":"2011-02-27T09:00:36","guid":{"rendered":"http:\/\/www.petera.se\/blog\/?p=1628"},"modified":"2011-02-27T10:00:36","modified_gmt":"2011-02-27T09:00:36","slug":"kval-till-ungdoms-sm-bildextra","status":"publish","type":"post","link":"https:\/\/www.petera.se\/blog\/kval-till-ungdoms-sm-bildextra","title":{"rendered":"Kval till Ungdoms-SM &#8211; Bildextra"},"content":{"rendered":"<p>Vilken fantastisk t\u00e4vling vi arrangerade ig\u00e5r. Regionen hade kval till Ungdoms-SM i Storslalom och n\u00e5gra av Sveriges b\u00e4sta ungdomar var med och t\u00e4vlade i Nolbybacken. Mycket h\u00f6g klass p\u00e5 b\u00e5de arrangemang och idrottsliga prestationer! Tjejerna var i flera fall snabbare \u00e4n killarna vilket tyder p\u00e5 h\u00f6g klass i \u00e5karleden :) Det var soligt och ljust, begynnande v\u00e5rv\u00e4der vilket gl\u00e4djer en idrottsfotograf. Bilderna blev ruggigt bra, och det beror dels p\u00e5 v\u00e4dret och dels p\u00e5 \u00e5karna som i m\u00e5nga fall gav allt de hade och lite till. Och det syns p\u00e5 bilderna, i kroppsspr\u00e5ket och \u00f6gonen. Coolt!<\/p>\n<p>Du kan ocks\u00e5 titta p\u00e5 bilder fr\u00e5n andra <a title=\"Galleri Nolby Alpina\" href=\"https:\/\/www.petera.se\/blog\/nolbyalpina\">Nolbyaktiviteter<\/a>.<\/p>\nngg_shortcode_0_placeholder\n","protected":false},"excerpt":{"rendered":"<p>Vilken fantastisk t\u00e4vling vi arrangerade ig\u00e5r. Regionen hade kval till Ungdoms-SM i Storslalom och n\u00e5gra av Sveriges b\u00e4sta ungdomar var med och t\u00e4vlade i Nolbybacken. Mycket h\u00f6g klass p\u00e5 b\u00e5de arrangemang och idrottsliga prestationer! Tjejerna var i flera fall snabbare \u00e4n killarna vilket tyder p\u00e5 h\u00f6g klass i \u00e5karleden :) Det var soligt och ljust,&hellip;<\/p>\n","protected":false},"author":2,"featured_media":0,"comment_status":"open","ping_status":"open","sticky":false,"template":"","format":"standard","meta":{"ngg_post_thumbnail":0,"footnotes":""},"categories":[170,5],"tags":[1269,1274,1275],"class_list":["post-1628","post","type-post","status-publish","format-standard","hentry","category-bilder","category-om-mig","tag-bilder","tag-nolby","tag-slalom"],"aioseo_notices":[],"_links":{"self":[{"href":"https:\/\/www.petera.se\/blog\/wp-json\/wp\/v2\/posts\/1628","targetHints":{"allow":["GET"]}}],"collection":[{"href":"https:\/\/www.petera.se\/blog\/wp-json\/wp\/v2\/posts"}],"about":[{"href":"https:\/\/www.petera.se\/blog\/wp-json\/wp\/v2\/types\/post"}],"author":[{"embeddable":true,"href":"https:\/\/www.petera.se\/blog\/wp-json\/wp\/v2\/users\/2"}],"replies":[{"embeddable":true,"href":"https:\/\/www.petera.se\/blog\/wp-json\/wp\/v2\/comments?post=1628"}],"version-history":[{"count":2,"href":"https:\/\/www.petera.se\/blog\/wp-json\/wp\/v2\/posts\/1628\/revisions"}],"predecessor-version":[{"id":1630,"href":"https:\/\/www.petera.se\/blog\/wp-json\/wp\/v2\/posts\/1628\/revisions\/1630"}],"wp:attachment":[{"href":"https:\/\/www.petera.se\/blog\/wp-json\/wp\/v2\/media?parent=1628"}],"wp:term":[{"taxonomy":"category","embeddable":true,"href":"https:\/\/www.petera.se\/blog\/wp-json\/wp\/v2\/categories?post=1628"},{"taxonomy":"post_tag","embeddable":true,"href":"https:\/\/www.petera.se\/blog\/wp-json\/wp\/v2\/tags?post=1628"}],"curies":[{"name":"wp","href":"https:\/\/api.w.org\/{rel}","templated":true}]}}