{"id":1666,"date":"2011-03-08T14:56:30","date_gmt":"2011-03-08T13:56:30","guid":{"rendered":"http:\/\/www.petera.se\/blog\/?p=1666"},"modified":"2011-03-08T14:57:54","modified_gmt":"2011-03-08T13:57:54","slug":"antligen-ar-jag-med-i-matchen","status":"publish","type":"post","link":"https:\/\/www.petera.se\/blog\/antligen-ar-jag-med-i-matchen","title":{"rendered":"\u00c4ntligen \u00e4r jag med i matchen"},"content":{"rendered":"<p>Ig\u00e5r var det f\u00f6rsta g\u00e5ngen p\u00e5 l\u00e4nge. Jag var med p\u00e5 fotoklubbens m\u00e5nadsm\u00f6te, och det var l\u00e4nge sen sist. Sedan jag klev ur styrelsen har jag inte hunnit med, eller r\u00e4ttare sagt, inte prioriterat tid till fotograferingen :) Dessutom l\u00e4mnade jag bilder till b\u00e5de v\u00e5rt\u00e4vling och DIFO &#8211; Distriktst\u00e4vlingen. Den senare kommer vi i <a title=\"Sundsvalls Fotoklubb\" href=\"http:\/\/www.sundsvallsfotoklubb.se\/\" target=\"_blank\">Sundsvalls Fotoklubb<\/a> att arrangera i \u00e5r, och d\u00e4rf\u00f6r k\u00e4nde jag den solidariska pressen att bidra med volym i t\u00e4vlingen. De bilder jag tagit under det senaste \u00e5ret \u00e4r dock till 80% orienterade mot vinter och slalom, och jag tror inte det g\u00e5r hem hos foto-domarna ;D Men det sket jag i, f\u00f6r det var bara skoj att vara med. Sen s\u00e5 f\u00e5r vi se&#8230; Jag passade p\u00e5 att ta ut dem i 15&#215;18 ocks\u00e5 f\u00f6r att anv\u00e4nda som workshopbilder. Roligt med lite tillskott i den h\u00f6gen ocks\u00e5.<\/p>\n<p><a href=\"https:\/\/www.petera.se\/blog\/wp-content\/uploads\/2011\/03\/Parallell.jpg\"><img decoding=\"async\" class=\"aligncenter size-full wp-image-1654\" title=\"Parallell\" src=\"https:\/\/www.petera.se\/blog\/wp-content\/uploads\/2011\/03\/Parallell.jpg\" alt=\"\" width=\"450\" height=\"300\" \/><\/a><\/p>\n<p>Just en h\u00e4r bilden blev lite f\u00f6r m\u00f6rk som p\u00e5siktsbild. Den borde vara kritvit i sn\u00f6n med \u00e5karna och de f\u00e4rgade k\u00e4pparna i stark kontrast. Riktigt s\u00e5 m\u00f6rk som den \u00e4r h\u00e4r p\u00e5 webben \u00e4r den inte men den kunde vara ljusare.<\/p>\n<p><a href=\"https:\/\/www.petera.se\/blog\/wp-content\/uploads\/2011\/03\/Skidkaos.jpg\"><img decoding=\"async\" class=\"aligncenter size-full wp-image-1655\" title=\"Skidkaos\" src=\"https:\/\/www.petera.se\/blog\/wp-content\/uploads\/2011\/03\/Skidkaos.jpg\" alt=\"\" width=\"450\" height=\"300\" \/><\/a><\/p>\n<p>Det h\u00e4r \u00e4r en klassiker som jag \u00e4r v\u00e4ldigt n\u00f6jd med. P\u00e5 webben f\u00e5r den f\u00f6r mycket f\u00e4rg, och den \u00e4r lite renare och klarare som p\u00e5siktsbild. Jag gillar de tv\u00e5 korsade stavarna som \u00e4r fina i gult och som befinner sig n\u00e4ra det gyllene snittet med sitt lilla kryss :)<\/p>\n","protected":false},"excerpt":{"rendered":"<p>\u00c4ntligen har jag tagit mig tid till min fotografering :) F\u00f6r f\u00f6rsta g\u00e5ngen p\u00e5 \u00f6ver ett \u00e5r deltar jag med mina bilder i t\u00e4vlingar igen. Bra jobbat!!<\/p>\n","protected":false},"author":2,"featured_media":0,"comment_status":"open","ping_status":"open","sticky":false,"template":"","format":"standard","meta":{"ngg_post_thumbnail":0,"footnotes":""},"categories":[170,5],"tags":[1269,870,1275,32],"class_list":["post-1666","post","type-post","status-publish","format-standard","hentry","category-bilder","category-om-mig","tag-bilder","tag-difo","tag-slalom","tag-workshop"],"aioseo_notices":[],"_links":{"self":[{"href":"https:\/\/www.petera.se\/blog\/wp-json\/wp\/v2\/posts\/1666","targetHints":{"allow":["GET"]}}],"collection":[{"href":"https:\/\/www.petera.se\/blog\/wp-json\/wp\/v2\/posts"}],"about":[{"href":"https:\/\/www.petera.se\/blog\/wp-json\/wp\/v2\/types\/post"}],"author":[{"embeddable":true,"href":"https:\/\/www.petera.se\/blog\/wp-json\/wp\/v2\/users\/2"}],"replies":[{"embeddable":true,"href":"https:\/\/www.petera.se\/blog\/wp-json\/wp\/v2\/comments?post=1666"}],"version-history":[{"count":3,"href":"https:\/\/www.petera.se\/blog\/wp-json\/wp\/v2\/posts\/1666\/revisions"}],"predecessor-version":[{"id":1669,"href":"https:\/\/www.petera.se\/blog\/wp-json\/wp\/v2\/posts\/1666\/revisions\/1669"}],"wp:attachment":[{"href":"https:\/\/www.petera.se\/blog\/wp-json\/wp\/v2\/media?parent=1666"}],"wp:term":[{"taxonomy":"category","embeddable":true,"href":"https:\/\/www.petera.se\/blog\/wp-json\/wp\/v2\/categories?post=1666"},{"taxonomy":"post_tag","embeddable":true,"href":"https:\/\/www.petera.se\/blog\/wp-json\/wp\/v2\/tags?post=1666"}],"curies":[{"name":"wp","href":"https:\/\/api.w.org\/{rel}","templated":true}]}}