{"id":1709,"date":"2011-03-14T09:22:16","date_gmt":"2011-03-14T08:22:16","guid":{"rendered":"http:\/\/www.petera.se\/blog\/?p=1709"},"modified":"2011-03-14T19:23:09","modified_gmt":"2011-03-14T18:23:09","slug":"kraften-vaxer-i-samling-for-pi","status":"publish","type":"post","link":"https:\/\/www.petera.se\/blog\/kraften-vaxer-i-samling-for-pi","title":{"rendered":"Kraften v\u00e4xer i samling f\u00f6r pi"},"content":{"rendered":"<p><a href=\"https:\/\/www.petera.se\/blog\/wp-content\/uploads\/2011\/03\/Pi.png\"><img decoding=\"async\" class=\"size-full wp-image-1710 alignleft\" style=\"margin: 10px;\" title=\"Pi\" src=\"https:\/\/www.petera.se\/blog\/wp-content\/uploads\/2011\/03\/Pi.png\" alt=\"\" width=\"200\" height=\"194\" \/><\/a>Vi blir fler och fler som uppm\u00e4rksammar och firar dagen den 14 mars :) Sundsvalls Tidning hade en artikel i s\u00f6ndagens tidning som med bild och text ber\u00e4ttade om pi-dagen, och gav exempel p\u00e5 insatser och events som kommer att g\u00e5 av stapeln i kommunen idag. De anv\u00e4nde dock inte den namnsdagsbeskrivningen som de gjorde i 2008 \u00e5rs\u00a0<em><a title=\"Dagens Namnsdag - Pi\" href=\"http:\/\/st.nu\/familj\/1.768721-dagens-namn-14-mars\" target=\"_blank\">dagens namnsdag<\/a><\/em> :) I <a title=\"Vimmerby Kommun firar Pi \" href=\"http:\/\/www.vimmerby.se\/barn-utbildning\/barn-utbildningsnyheter\/pi-dagen-den-14-mars\/\" target=\"_blank\">Vimmerby Kommun<\/a> kommer skolor och f\u00f6rskolor att arbeta med pi-dagen p\u00e5 olika s\u00e4tt, och \u00a0Link\u00f6pings Universitet har en hel utst\u00e4llning <a title=\"Link\u00f6pings Universitet firar Pi\" href=\"http:\/\/www.mai.liu.se\/pi-dagen\/\" target=\"_blank\">Matematik p\u00e5 Stan<\/a> som startar idag p\u00e5 pi-dagen och som p\u00e5g\u00e5r i 14 dagar. Syftet \u00e4r att visa att matematik finns runtomkring oss och att lyfta matematiken till n\u00e5got lustfyllt. Det gillar jag :D<\/p>\n<p>Vill du f\u00f6rdjupa dig, l\u00e4s om <a title=\"Pi-dagen p\u00e5 Wikipedia\" href=\"http:\/\/sv.wikipedia.org\/wiki\/Pi-dagen\" target=\"_blank\">Pi-dagen p\u00e5 Wikipedia<\/a> eller \u00e4nnu hellre om <a title=\"Pi p\u00e5 Wikipedia\" href=\"http:\/\/sv.wikipedia.org\/wiki\/Pi\" target=\"_blank\">Pi p\u00e5 Wikipedia<\/a> ;)<\/p>\n<p>&nbsp;<\/p>\n","protected":false},"excerpt":{"rendered":"<p>Vi blir fler och fler som uppm\u00e4rksammar och firar pi-dagen :) V\u00e4ldigt skoj att se hur engagemanget f\u00f6r matematik v\u00e4xer!<\/p>\n","protected":false},"author":2,"featured_media":0,"comment_status":"open","ping_status":"open","sticky":false,"template":"","format":"standard","meta":{"ngg_post_thumbnail":0,"footnotes":""},"categories":[5],"tags":[881,20,1270,816,882],"class_list":["post-1709","post","type-post","status-publish","format-standard","hentry","category-om-mig","tag-linkoping","tag-pi","tag-sundsvall","tag-uppmarksamhet","tag-vimmerby"],"aioseo_notices":[],"_links":{"self":[{"href":"https:\/\/www.petera.se\/blog\/wp-json\/wp\/v2\/posts\/1709","targetHints":{"allow":["GET"]}}],"collection":[{"href":"https:\/\/www.petera.se\/blog\/wp-json\/wp\/v2\/posts"}],"about":[{"href":"https:\/\/www.petera.se\/blog\/wp-json\/wp\/v2\/types\/post"}],"author":[{"embeddable":true,"href":"https:\/\/www.petera.se\/blog\/wp-json\/wp\/v2\/users\/2"}],"replies":[{"embeddable":true,"href":"https:\/\/www.petera.se\/blog\/wp-json\/wp\/v2\/comments?post=1709"}],"version-history":[{"count":5,"href":"https:\/\/www.petera.se\/blog\/wp-json\/wp\/v2\/posts\/1709\/revisions"}],"predecessor-version":[{"id":1715,"href":"https:\/\/www.petera.se\/blog\/wp-json\/wp\/v2\/posts\/1709\/revisions\/1715"}],"wp:attachment":[{"href":"https:\/\/www.petera.se\/blog\/wp-json\/wp\/v2\/media?parent=1709"}],"wp:term":[{"taxonomy":"category","embeddable":true,"href":"https:\/\/www.petera.se\/blog\/wp-json\/wp\/v2\/categories?post=1709"},{"taxonomy":"post_tag","embeddable":true,"href":"https:\/\/www.petera.se\/blog\/wp-json\/wp\/v2\/tags?post=1709"}],"curies":[{"name":"wp","href":"https:\/\/api.w.org\/{rel}","templated":true}]}}