{"id":1762,"date":"2011-03-25T21:40:22","date_gmt":"2011-03-25T20:40:22","guid":{"rendered":"http:\/\/www.petera.se\/blog\/?p=1762"},"modified":"2011-03-25T21:40:22","modified_gmt":"2011-03-25T20:40:22","slug":"fotografering-utan-kommunikation","status":"publish","type":"post","link":"https:\/\/www.petera.se\/blog\/fotografering-utan-kommunikation","title":{"rendered":"Fotografering utan kommunikation"},"content":{"rendered":"<p>Wow, jobbigt. Jag fick inte med mig CF-l\u00e4saren till Duved :( Jag kan skylla p\u00e5 andra i min omgivning men jag borde ha sett till att den kom med i packningen. Nu ligger den hemma i vardagsrummet till ingen nytta.\u00a0Att inte kunna l\u00e4sa \u00f6ver bilderna till datorn p\u00e5 kv\u00e4llen ger tv\u00e5 effekter.<\/p>\n<p>Dels m\u00e5ste jag ransonera mitt fotograferande! Det \u00e4r ju Lilla V\u00e4rldscupsfinaler och jag vill kunna fota allt som k\u00e4nns intressant och allt som kan bli en bra bild, och kunna sl\u00f6sa med bilder p\u00e5 \u00e5kare jag k\u00e4nner och gillar. Nu m\u00e5ste jag begr\u00e4nsa mig till 2500 bilder circa &#8211; p\u00e5 fem dagar! Som tur var hade vi s\u00e5 d\u00e5ligt v\u00e4der under onsdag-torsdag s\u00e5 att tr\u00e4ningen inte gav s\u00e5 m\u00e5nga fina fototillf\u00e4llen :) Det var sn\u00f6storm ena stunden och full sn\u00f6storm andra stunden. \u00c5karna var ute \u00e4nd\u00e5, och n\u00e4r den formella bantr\u00e4ningen var \u00f6ver stack de iv\u00e4g p\u00e5 twintips och k\u00f6rde fritt. Coolt! Idag k\u00f6rde dom superG och det gick v\u00e4ldigt fort. Vican hade tur att slippa sn\u00f6fall och bl\u00e5st under sitt \u00e5k och gjorde riktigt bra ifr\u00e5n sig. Antagligen det b\u00e4sta fart\u00e5k hon n\u00e5nsin gjort. Jag frossade i bilder n\u00e4r hon \u00e5kte. Det unnade jag henne ;)<\/p>\n<p>Men dessutom s\u00e5 kan jag inte kommunicera med bilderna! Jag kan inte visa dem p\u00e5 n\u00e5got vettigt s\u00e4tt. Det enda formatet \u00e4r p\u00e5 kamerans sk\u00e4rm och \u00e4ven om den \u00e4r 3&#8243; stor s\u00e5 blir det inte riktigt bra. MMen jag kan inte heller f\u00e5 ut dem p\u00e5 webben p\u00e5 n\u00e5got s\u00e4tt. Varken h\u00e4r p\u00e5 peterA.se eller p\u00e5 Facebook. Det g\u00f6r att jag inte kan p\u00e5verka andra p\u00e5 n\u00e5got s\u00e4tt och det k\u00e4nns lamt och mesigt. Jag vill ju kunna visa upp bilderna f\u00f6r b\u00e5de \u00e5kare, ledare och f\u00f6r\u00e4ldrar. Det skulle ha varit extra skoj att g\u00f6ra det under brinnande t\u00e4vling, men nu g\u00e5r inte det. Kommunikationen \u00e4r bruten.<\/p>\n<p>Jag inser pl\u00f6tsligt att fotograferandet \u00e4r en form av kommunikation. Antingen internt med mig sj\u00e4lv, eller i v\u00e4ldigt m\u00e5nga fall, externt med alla er som tittar p\u00e5 bilderna och l\u00e5ter dem p\u00e5verka. Fotografering utan kommunikation \u00e4r som en bil utan takbox ;) V\u00e5r kommunikation blir inte momentan under Lilla V\u00e4rldscupen utan jag f\u00e5r \u00e5terkomma n\u00e4r vi kommit hem fr\u00e5n \u00c5re :D<\/p>\n","protected":false},"excerpt":{"rendered":"<p>Jag fick inte med mig CF-l\u00e4saren till Duved :( Jag har insett att fotograferandet \u00e4r en form av kommunikation. Och nu \u00e4r den bruten!<\/p>\n","protected":false},"author":2,"featured_media":0,"comment_status":"open","ping_status":"open","sticky":false,"template":"","format":"standard","meta":{"ngg_post_thumbnail":0,"footnotes":""},"categories":[170,5,8],"tags":[1269,1281,235,898,1275],"class_list":["post-1762","post","type-post","status-publish","format-standard","hentry","category-bilder","category-om-mig","category-varlden","tag-bilder","tag-duved","tag-kommunikation","tag-lilla-varldscupen","tag-slalom"],"aioseo_notices":[],"_links":{"self":[{"href":"https:\/\/www.petera.se\/blog\/wp-json\/wp\/v2\/posts\/1762","targetHints":{"allow":["GET"]}}],"collection":[{"href":"https:\/\/www.petera.se\/blog\/wp-json\/wp\/v2\/posts"}],"about":[{"href":"https:\/\/www.petera.se\/blog\/wp-json\/wp\/v2\/types\/post"}],"author":[{"embeddable":true,"href":"https:\/\/www.petera.se\/blog\/wp-json\/wp\/v2\/users\/2"}],"replies":[{"embeddable":true,"href":"https:\/\/www.petera.se\/blog\/wp-json\/wp\/v2\/comments?post=1762"}],"version-history":[{"count":2,"href":"https:\/\/www.petera.se\/blog\/wp-json\/wp\/v2\/posts\/1762\/revisions"}],"predecessor-version":[{"id":1764,"href":"https:\/\/www.petera.se\/blog\/wp-json\/wp\/v2\/posts\/1762\/revisions\/1764"}],"wp:attachment":[{"href":"https:\/\/www.petera.se\/blog\/wp-json\/wp\/v2\/media?parent=1762"}],"wp:term":[{"taxonomy":"category","embeddable":true,"href":"https:\/\/www.petera.se\/blog\/wp-json\/wp\/v2\/categories?post=1762"},{"taxonomy":"post_tag","embeddable":true,"href":"https:\/\/www.petera.se\/blog\/wp-json\/wp\/v2\/tags?post=1762"}],"curies":[{"name":"wp","href":"https:\/\/api.w.org\/{rel}","templated":true}]}}