{"id":1765,"date":"2011-03-26T20:22:56","date_gmt":"2011-03-26T19:22:56","guid":{"rendered":"http:\/\/www.petera.se\/blog\/?p=1765"},"modified":"2011-03-26T21:04:47","modified_gmt":"2011-03-26T20:04:47","slug":"smartare-an-en-femteklassare-i-duved","status":"publish","type":"post","link":"https:\/\/www.petera.se\/blog\/smartare-an-en-femteklassare-i-duved","title":{"rendered":"Smartare \u00e4n en femteklassare i Duved"},"content":{"rendered":"<p>Ser p\u00e5 <em>Smartare \u00e4n en femteklassare<\/em> p\u00e5 hotellrummet i Duved. \u00c4r f\u00f6r tr\u00f6tt f\u00f6r att g\u00f6ra n\u00e5t annat, och att vara social i grupp tar p\u00e5 krafterna :) Sen spelar det v\u00e4l in att vi gick upp f\u00f6re sex i morse, att vi var ute i kylan i elva timmar och att vi burit skidor och peppat t\u00e4vlande barn&#8230; Tjejen p\u00e5 tv fick just fr\u00e5gan &#8221;<em>Vem fick stentavlorna p\u00e5 berget i Sinai?<\/em>&#8221;. Hon svarar &#8221;<em>Moses, f\u00f6r Abraham hade ju barn!<\/em>&#8221;. Svaret \u00e4r r\u00e4tt men med fel motivering. Vad\u00e5 barn, vad\u00e5 stentavlor, vad\u00e5 logik? \u00a0Det borde vara po\u00e4ngavdrag, basta!<\/p>\n<p>Skumt att det drar energi att vara i grupp. Men man kan bli kognitivt stressad, vilket \u00e4r \u00f6verbelastning i de mentala processerna. M\u00e4nniskans hj\u00e4rna v\u00e4xte kraftigt i m\u00e4nniskans utveckling p\u00e5 grund av v\u00e4xande grupper som kr\u00e4vde st\u00f6rre hj\u00e4rnkapacitet f\u00f6r att h\u00e5lla koll p\u00e5 alla kontakter och relationer som kan uppst\u00e5 (<a title=\"Tankens Vindlar - G\u00e4rdenfors\" href=\"http:\/\/www.adlibris.com\/se\/product.aspx?isbn=9157804605\" target=\"_blank\"><em>G\u00e4rdenfors<\/em> &#8211;\u00a0<em>Tankens vindlar<\/em><\/a>). Vi \u00e4r duktiga p\u00e5 att navigera i sociala sammanhang. Med X m\u00e5ste man t\u00e4nka sig f\u00f6r, och med Y kan jag prata om&#8230; men Z vill jag helst undvika&#8230; Och n\u00e4r jag umg\u00e5s med X och Y samtidigt s\u00e5 uppst\u00e5r alltid &#8230; och d\u00e5 m\u00e5ste jag &#8230; :)<\/p>\n<p>Det som \u00e4r extra sp\u00e4nnande \u00e4r att vi har umg\u00e5tts i en s\u00e5 individuell sport som slalom. Varje \u00e5kare t\u00e4vlar f\u00f6r sig sj\u00e4lv och sin egen tid och sin egen placering. Det finns i och f\u00f6r sig ett lagguld att vinna, men det handlar rakt av om de individuella insatserna och det finns inget i t\u00e4vlingsmomentet som handlar om att ge upp n\u00e5got av sin egen framg\u00e5ng f\u00f6r att hj\u00e4lpa fram en lagkamrat. D\u00e4remot kan lagen erbjuda andra m\u00f6jligheter som inte en individ kan uppn\u00e5 sj\u00e4lv. Det finns ju n\u00e5gra konkreta anledningar, som tr\u00e4ningspartners, att dela p\u00e5 tr\u00e4nare och utrustning och att f\u00e5 praktisk hj\u00e4lp i samband med tr\u00e4ningen. H\u00e4lsingland har visat upp ett fantastiskt maskineri h\u00e4r p\u00e5 Lilla V\u00e4rldscupen i Duved med gemensam hantering av skidor, \u00e5kare och transporter. \u00a0Men det finns andra aspekter p\u00e5 lag ocks\u00e5. K\u00e4nslan av att tillh\u00f6ra en grupp, att vara betydelsefull och att vara omtyckt \u00e4r v\u00e4ldigt viktig. D\u00e4r \u00e4r Nolby Alpina v\u00e4ldigt imponerande. Laget \u00e4r uppskattande och busigt, bekr\u00e4ftande och k\u00e4nslom\u00e4ssigt och i motg\u00e5ng finns b\u00e5de tr\u00f6st och energi att hitta i laget. Det \u00e4r unga m\u00e4nniskor vi pratar om, men de \u00e4r v\u00e4ldigt mogna i det h\u00e4r fallet. Ledare och vi \u00f6vriga vuxna har ocks\u00e5 mycket av detta i v\u00e5r samvaro. Det \u00e4r det som g\u00f6r det roligt att vara med, \u00e4ven om det kan vara kognitivt tr\u00f6ttande :) Vi \u00e4r dock individuella i v\u00e5rt praktiska uppl\u00e4gg, d\u00e4r \u00e4r H\u00e4lsingland ett helt annat djur p\u00e5 savannen ;D<\/p>\n<p>Medelpad d\u00e4remot, n\u00e5r inte alls upp till samma anda. Landskapet Medelpad \u00e4r ett lag som t\u00e4vlar mot andra landskap, och det best\u00e5r av tre klubbar, men av gemenskapen jag nyss beskrivit finns inte mycket. \u00a0Det finns m\u00e5nga symptom och exempel p\u00e5 det, men det intressanta \u00e4r egentligen hur de olika systemniv\u00e5erna kan visa upp s\u00e5 olika beteende. Det \u00e4r ett sk\u00f6nt exempel p\u00e5 hur dynamiska system fungerar. Vad som \u00e4r de undre delarnas betydelse och vad som beror p\u00e5 ledning och \u00f6vre systemniv\u00e5er g\u00e5r inte att avg\u00f6ra.<\/p>\n<p>Oh, nu \u00e4r det &#8221;<em>Vilka fyra f\u00e4rger finns i samernas flagga?<\/em>&#8221;, m\u00e5ste sluta ;)<\/p>\n","protected":false},"excerpt":{"rendered":"<p>Ser p\u00e5 Smartare \u00e4n en femteklassare i Duved och funderar p\u00e5 hur en individuell sport som slalom hanterar lagbegreppet. I vissa perspektiv \u00e4r vi ett lag, men i andra \u00e4r vi individer. Vissa systemniv\u00e5er visar tydliga lagsymptom medan andra systemniv\u00e5er \u00e4r splittrade. Coolt :)<\/p>\n","protected":false},"author":2,"featured_media":0,"comment_status":"open","ping_status":"open","sticky":false,"template":"","format":"standard","meta":{"ngg_post_thumbnail":0,"footnotes":""},"categories":[5,8],"tags":[903,904,119,779,905,86,1275,130,876],"class_list":["post-1765","post","type-post","status-publish","format-standard","hentry","category-om-mig","category-varlden","tag-duve","tag-halsingland","tag-individuell","tag-kognition","tag-kollektiv","tag-relationer","tag-slalom","tag-stress","tag-systemteori"],"aioseo_notices":[],"_links":{"self":[{"href":"https:\/\/www.petera.se\/blog\/wp-json\/wp\/v2\/posts\/1765","targetHints":{"allow":["GET"]}}],"collection":[{"href":"https:\/\/www.petera.se\/blog\/wp-json\/wp\/v2\/posts"}],"about":[{"href":"https:\/\/www.petera.se\/blog\/wp-json\/wp\/v2\/types\/post"}],"author":[{"embeddable":true,"href":"https:\/\/www.petera.se\/blog\/wp-json\/wp\/v2\/users\/2"}],"replies":[{"embeddable":true,"href":"https:\/\/www.petera.se\/blog\/wp-json\/wp\/v2\/comments?post=1765"}],"version-history":[{"count":3,"href":"https:\/\/www.petera.se\/blog\/wp-json\/wp\/v2\/posts\/1765\/revisions"}],"predecessor-version":[{"id":1767,"href":"https:\/\/www.petera.se\/blog\/wp-json\/wp\/v2\/posts\/1765\/revisions\/1767"}],"wp:attachment":[{"href":"https:\/\/www.petera.se\/blog\/wp-json\/wp\/v2\/media?parent=1765"}],"wp:term":[{"taxonomy":"category","embeddable":true,"href":"https:\/\/www.petera.se\/blog\/wp-json\/wp\/v2\/categories?post=1765"},{"taxonomy":"post_tag","embeddable":true,"href":"https:\/\/www.petera.se\/blog\/wp-json\/wp\/v2\/tags?post=1765"}],"curies":[{"name":"wp","href":"https:\/\/api.w.org\/{rel}","templated":true}]}}