{"id":1788,"date":"2011-04-02T20:51:25","date_gmt":"2011-04-02T19:51:25","guid":{"rendered":"http:\/\/www.petera.se\/blog\/?p=1788"},"modified":"2011-04-02T20:51:25","modified_gmt":"2011-04-02T19:51:25","slug":"jag-ledsnar-inte-pa-slalom-markligt","status":"publish","type":"post","link":"https:\/\/www.petera.se\/blog\/jag-ledsnar-inte-pa-slalom-markligt","title":{"rendered":"Jag ledsnar inte p\u00e5 slalom &#8211; m\u00e4rkligt"},"content":{"rendered":"<p>De senaste elva dagarna har jag och Vican varit i slalombacken \u00e5tta g\u00e5nger. Endast tre dagar ledigt f\u00f6r vila. Ett lite f\u00f6r h\u00e5rt tempo tycker jag, \u00e4ven om alla dagar inte varit lika intensiva. Vi var f\u00f6rst i Duved fem dagar f\u00f6r finaler i Lilla V\u00e4rldscupen. Det var tidiga morgnar sex-halv sju som standard och sena kv\u00e4llar efter middag och bad med kompisar. Sen vila p\u00e5 m\u00e5ndag, tr\u00e4ningspass i backen p\u00e5 kv\u00e4llen 18-21 p\u00e5 tisdag. P\u00e5 onsdag arrangerade vi sista delt\u00e4vlingen i Nolby Cup och Klubbm\u00e4sterskap med ytterligare en sen kv\u00e4ll som resultat. Torsdag och fredag tog vi alpin vila :) Tidigt i s\u00e4ng b\u00e5da kv\u00e4llarna f\u00f6r att g\u00e5 upp i ottan idag igen f\u00f6r storslalomt\u00e4vling i Lagbergsbacken i Kramfors. Emilia \u00e4r h\u00e4ngig och tr\u00f6tt och beh\u00f6ver rej\u00e4l vila, men Vican \u00e4r lika pigg som n\u00e5nsin!<\/p>\n<p>Men det konstiga \u00e4r inte att tjejerna orkar. Det m\u00e4rkliga \u00e4r att jag inte tr\u00f6ttnar! Jag som inte kan \u00e4gna mig \u00e5t ett \u00e4mne, en hobby eller en regelbunden aktivitet utan att ledsna :) Jag tycker att det \u00e4r lika roligt nu som det var n\u00e4r vi startade f\u00f6r tre s\u00e4songer sedan. Kan det vara utvecklingsm\u00f6jligheterna och l\u00e4randet? Det \u00e4r ju ganska skoj att l\u00e4ra sig hur den alpina sporten funkar, och hur materialet ska anv\u00e4ndas och underh\u00e5llas. \u00c5karna g\u00e5r igenom olika levels p\u00e5 sin v\u00e4g mot b\u00e4ttre teknik. Jag levlar ocks\u00e5, f\u00e5r och kan g\u00f6ra mer som f\u00f6r\u00e4lder och tar d\u00e4rmed st\u00f6rre plats. Idag var jag p\u00e5 mitt f\u00f6rsta lagledarm\u00f6te och h\u00f6ll ihop lagets deltagande i t\u00e4vlingen :) Inre utveckling och s\u00f6kandet efter \u00f6kad f\u00f6rst\u00e5else, level, level.<\/p>\n<p>Eller drivs jag av de gruppm\u00e4ssiga drivkrafterna? \u00c4r slalomcommunityn en grupp som k\u00e4nna bra att tillh\u00f6ra? S\u00f6ker jag efter tilltr\u00e4de, k\u00e4nns det bra att vara med och vad kr\u00e4vs f\u00f6r att f\u00e5 vara d\u00e4r? Vill jag vara kompetent inom slalom och f\u00e5r jag vara det n\u00e4r jag \u00e4r med i gruppen? \u00c4r jag omtyckt i gruppen, och vad \u00e4r det jag g\u00f6r f\u00f6r att jag tror att det g\u00f6r att andra tycker om mig? N\u00e4r \u00e4r det h\u00e4r en naturlig del av mitt beteende, och n\u00e4r blir detta en belastning? En sv\u00e5r fr\u00e5ga :)<\/p>\n<p>N\u00e5nstans tror jag att det \u00e4r b\u00e5de och. Jag har l\u00e4tt att engagera mig och tycker att det \u00e4r skoj att vara med och att f\u00e5 delta och p\u00e5verka. Jag vill nog vara betydelsefull&#8230; och l\u00e4ra mig p\u00e5 samma g\u00e5ng :) Men jag m\u00e5ste begr\u00e4nsa mig. \u00a0Det g\u00e4ller att vara sn\u00e4ll med sig sj\u00e4lv f\u00f6rst. Som Tomas s\u00e4ger i kv\u00e4llens Noren-teater <em><a title=\"Bobby Fischer bor i Pasadena\" href=\"http:\/\/sv.wikipedia.org\/wiki\/Bobby_Fischer_bor_i_Pasadena\" target=\"_blank\">Bobby Fischer bor i Pasadena<\/a><\/em> &#8211; &#8221;<em>Du verkar vara en oerh\u00f6rt otrevlig person&#8230; mot dig sj\u00e4lv menar jag<\/em>&#8221; :) Och han har r\u00e4tt och jag tar till mig!<\/p>\n<p>Nej, jag kanske ska f\u00f6rs\u00f6ka ledsna mer p\u00e5 s\u00e5dant jag g\u00f6r i f\u00f6r stor utstr\u00e4ckning f\u00f6r andra, d\u00e4r jag prioriterar bort mina egna behov f\u00f6r mycket. Men hur ska jag veta vad som \u00e4r vad?<\/p>\n","protected":false},"excerpt":{"rendered":"<p>Jag ser p\u00e5 Noren-pj\u00e4s och inser att jag \u00e4nnu inte ledsnat p\u00e5 slalomen! Varf\u00f6r \u00e4r det s\u00e5? Tycker jag att det \u00e4r kul, eller fyller jag bara endras behov eller undviker mina r\u00e4dslor? Skumt :)<\/p>\n","protected":false},"author":2,"featured_media":0,"comment_status":"open","ping_status":"open","sticky":false,"template":"","format":"standard","meta":{"ngg_post_thumbnail":0,"footnotes":""},"categories":[5,8],"tags":[922,920,923,921,1275],"class_list":["post-1788","post","type-post","status-publish","format-standard","hentry","category-om-mig","category-varlden","tag-bobby-fischer-bor-i-pasadena","tag-kramfors","tag-lars-noren","tag-latbergsbacken","tag-slalom"],"aioseo_notices":[],"_links":{"self":[{"href":"https:\/\/www.petera.se\/blog\/wp-json\/wp\/v2\/posts\/1788","targetHints":{"allow":["GET"]}}],"collection":[{"href":"https:\/\/www.petera.se\/blog\/wp-json\/wp\/v2\/posts"}],"about":[{"href":"https:\/\/www.petera.se\/blog\/wp-json\/wp\/v2\/types\/post"}],"author":[{"embeddable":true,"href":"https:\/\/www.petera.se\/blog\/wp-json\/wp\/v2\/users\/2"}],"replies":[{"embeddable":true,"href":"https:\/\/www.petera.se\/blog\/wp-json\/wp\/v2\/comments?post=1788"}],"version-history":[{"count":1,"href":"https:\/\/www.petera.se\/blog\/wp-json\/wp\/v2\/posts\/1788\/revisions"}],"predecessor-version":[{"id":1789,"href":"https:\/\/www.petera.se\/blog\/wp-json\/wp\/v2\/posts\/1788\/revisions\/1789"}],"wp:attachment":[{"href":"https:\/\/www.petera.se\/blog\/wp-json\/wp\/v2\/media?parent=1788"}],"wp:term":[{"taxonomy":"category","embeddable":true,"href":"https:\/\/www.petera.se\/blog\/wp-json\/wp\/v2\/categories?post=1788"},{"taxonomy":"post_tag","embeddable":true,"href":"https:\/\/www.petera.se\/blog\/wp-json\/wp\/v2\/tags?post=1788"}],"curies":[{"name":"wp","href":"https:\/\/api.w.org\/{rel}","templated":true}]}}