{"id":1804,"date":"2011-04-07T07:08:39","date_gmt":"2011-04-07T06:08:39","guid":{"rendered":"http:\/\/www.petera.se\/blog\/?p=1804"},"modified":"2011-04-05T21:33:07","modified_gmt":"2011-04-05T20:33:07","slug":"implicita-associationstester","status":"publish","type":"post","link":"https:\/\/www.petera.se\/blog\/implicita-associationstester","title":{"rendered":"Implicita associationstester"},"content":{"rendered":"<p>Jag blev h\u00e4romdan uppm\u00e4rksammad p\u00e5 Facebook av Magnus N\u00e4sholm om <a title=\"IAT - Implicita associationstester\" href=\"https:\/\/implicit.harvard.edu\/implicit\/sweden\/\" target=\"_blank\">IAT &#8211; Implicita associationstester<\/a>. Som den implicita associerande man jag \u00e4r blev jag nyfiken och l\u00e4nkade iv\u00e4g. Jag hamnade ganska snabbt vid ett associationstest d\u00e4r jag fick svara p\u00e5 m\u00e4ngder av fr\u00e5gor om hur jag uppfattade kopplingen mellan naturvetenskapliga \u00e4mnen och m\u00e4n, och mellan humanistiska \u00e4mnen och kvinnor. Jag fick d\u00e4refter g\u00f6ra ett riktigt h\u00e4ftigt kognitivt test d\u00e4r jag, utan att t\u00e4nka efter, skulle ange i vilken kategori ett visst ord h\u00f6rde. P\u00e5 sk\u00e4rmen visades ordet <em>Kemi<\/em> och jag skulle med en tangenttryckning koppla det till <em>Naturvetenskap<\/em>, och n\u00e4r ordet <em>Filosofi<\/em> visades skulle jag trycka p\u00e5 knappen f\u00f6r <em>Humanistiska \u00e4mnen<\/em>. Det som var sp\u00e4nnande med testet var att de kombinerade grupperna. N\u00e4r <em>Naturvetenskap<\/em> och <em>M\u00e4n<\/em> var p\u00e5 samma sida och anv\u00e4nde samma tangent svarade jag snabbare \u00e4n n\u00e4r <em>Humanistiska \u00e4mnen<\/em> och <em>M\u00e4n<\/em> var p\u00e5 samma sida!? Det var allts\u00e5 l\u00e4ttare att koppla m\u00e4n med naturvetenskap \u00e4n m\u00e4n med humanistiska \u00e4mnen, och l\u00e4ttare att koppla kvinnor med humanism \u00e4n naturvetenskap. L\u00e4skigt eftersom jag anser att jag med mitt sunda f\u00f6rnuft \u00e4r medveten om de kulturella p\u00e5verkansfaktorerna och borde kunna bortse fr\u00e5n dessa, samt att jag sj\u00e4lv \u00e4r lidelsefullt intresserad av b\u00e5de humanism och naturvetenskap!<\/p>\n<p><a href=\"https:\/\/www.petera.se\/blog\/wp-content\/uploads\/2011\/04\/IAT.jpg\"><img decoding=\"async\" class=\"size-medium wp-image-1806 alignleft\" title=\"IAT\" src=\"https:\/\/www.petera.se\/blog\/wp-content\/uploads\/2011\/04\/IAT-300x225.jpg\" alt=\"\" width=\"300\" height=\"225\" srcset=\"https:\/\/www.petera.se\/blog\/wp-content\/uploads\/2011\/04\/IAT-300x225.jpg 300w, https:\/\/www.petera.se\/blog\/wp-content\/uploads\/2011\/04\/IAT.jpg 960w\" sizes=\"(max-width: 300px) 100vw, 300px\" \/><\/a>Projektet som arrangerar testerna kallas <em>Project Implicit<\/em> och \u00e4r ett forskarn\u00e4tverk mellan ett antal universitet. Projektet utforskar tankar och k\u00e4nslor som existerar utanf\u00f6r medveten kontroll och utanf\u00f6r medveten insikt. Det anknyter till ett inl\u00e4gg p\u00e5 <a title=\"Orsak och verkan\" href=\"http:\/\/www.framg\u00e5ngarna.se\/lagen-om-orsak-och-verkan\" target=\"_blank\">framg\u00e5ngarna.se<\/a> om hur det omedvetna styr oss och vad vi kan g\u00f6ra f\u00f6r att ta oss ur. Implicit-gruppens arbete \u00e4r inriktat p\u00e5 olika omr\u00e5den inom personlighets- och socialpsykologi. En central fr\u00e5ga i forskningen \u00e4r om olika psykologiska f\u00f6rklaringsmodeller f\u00f6r stereotyper och f\u00f6rdomar kan integreras. Tidigare forskning har unders\u00f6kt sambandet mellan f\u00f6rdomar och personlighet (auktorit\u00e4r personlighet, social dominansorientering och grundl\u00e4ggande personlighet i termer av s.k. Big-Five) samt socialpsykologiska faktorer (situationsbaserade faktorer, gruppmedlemskap, och gruppidentifiering) och kognitionspsykologi (kunskap om stereotyper, avktivering av stereotyper och h\u00e4mning av stereotyper). I Sverige \u00e4r det en projektgrupp best\u00e5ende av Bo Ekehammar, Nazar Akrami och Robin Bergh som arbetar med Project Implicit. D\u00e4rav den svenska webbplatsen och de svenska testerna. Det g\u00f6r att vi slipper ifr\u00e5n \u00f6vers\u00e4ttningsproblemet f\u00f6r oss icke-engelsktalande.<\/p>\n<p>Deras ambition att studera psykologiska och kognitiva processer genom interaktiva och utbildande interaktion tycker jag verkar h\u00e4ftigt. Det finns fler perspektiv f\u00f6r att l\u00e4ra sig mer om sina implicita associationer. Genus \u00e4r ju bara ett&#8230;och det \u00e4r s\u00e5 att sociologen i mig vaknar till liv. H\u00e4r kan vi studera psykologiska m\u00f6nster som ju ger upphov till kultur och samh\u00e4llsm\u00f6nster som p\u00e5verkar oss s\u00e5 starkt i vardagen!<\/p>\n<p>Snacka om att vetenskaperna v\u00e4xer ihop ;D<\/p>\n","protected":false},"excerpt":{"rendered":"<p>Har deltagit i IAT &#8211; Implicita associationstester. Det visade sig att jag har l\u00e4ttare att koppla ihop m\u00e4n med naturvetenskap \u00e4n m\u00e4n med humanistiska \u00e4mnen, och l\u00e4ttare att koppla ihop kvinnor med humanism \u00e4n naturvetenskap. L\u00e4skigt eftersom jag anser att jag med mitt sunda f\u00f6rnuft \u00e4r medveten och borde kunna bortse fr\u00e5n dessa, samt att jag sj\u00e4lv \u00e4r lidelsefullt intresserad av b\u00e5de humanism och naturvetenskap! Prova du med!<\/p>\n","protected":false},"author":2,"featured_media":0,"comment_status":"open","ping_status":"open","sticky":false,"template":"","format":"standard","meta":{"ngg_post_thumbnail":0,"footnotes":""},"categories":[4,5],"tags":[703,11,930,931,779,934,933,932,227],"class_list":["post-1804","post","type-post","status-publish","format-standard","hentry","category-manniskor","category-om-mig","tag-facebook","tag-humanism","tag-iat","tag-implicita-associationstester","tag-kognition","tag-kvinnligt","tag-manligt","tag-naturvetenskap","tag-psykologi"],"aioseo_notices":[],"_links":{"self":[{"href":"https:\/\/www.petera.se\/blog\/wp-json\/wp\/v2\/posts\/1804","targetHints":{"allow":["GET"]}}],"collection":[{"href":"https:\/\/www.petera.se\/blog\/wp-json\/wp\/v2\/posts"}],"about":[{"href":"https:\/\/www.petera.se\/blog\/wp-json\/wp\/v2\/types\/post"}],"author":[{"embeddable":true,"href":"https:\/\/www.petera.se\/blog\/wp-json\/wp\/v2\/users\/2"}],"replies":[{"embeddable":true,"href":"https:\/\/www.petera.se\/blog\/wp-json\/wp\/v2\/comments?post=1804"}],"version-history":[{"count":6,"href":"https:\/\/www.petera.se\/blog\/wp-json\/wp\/v2\/posts\/1804\/revisions"}],"predecessor-version":[{"id":1811,"href":"https:\/\/www.petera.se\/blog\/wp-json\/wp\/v2\/posts\/1804\/revisions\/1811"}],"wp:attachment":[{"href":"https:\/\/www.petera.se\/blog\/wp-json\/wp\/v2\/media?parent=1804"}],"wp:term":[{"taxonomy":"category","embeddable":true,"href":"https:\/\/www.petera.se\/blog\/wp-json\/wp\/v2\/categories?post=1804"},{"taxonomy":"post_tag","embeddable":true,"href":"https:\/\/www.petera.se\/blog\/wp-json\/wp\/v2\/tags?post=1804"}],"curies":[{"name":"wp","href":"https:\/\/api.w.org\/{rel}","templated":true}]}}