{"id":1821,"date":"2011-04-12T06:42:05","date_gmt":"2011-04-12T05:42:05","guid":{"rendered":"http:\/\/www.petera.se\/blog\/?p=1821"},"modified":"2011-04-11T20:32:16","modified_gmt":"2011-04-11T19:32:16","slug":"sasongen-ar-slut-dags-for-nya-prylar","status":"publish","type":"post","link":"https:\/\/www.petera.se\/blog\/sasongen-ar-slut-dags-for-nya-prylar","title":{"rendered":"S\u00e4songen \u00e4r slut, dags f\u00f6r nya prylar"},"content":{"rendered":"<p>Ig\u00e5r kom s\u00e5 det tr\u00e5kiga beskedet att s\u00e4songen f\u00f6r Emilias D-grupp \u00e4r \u00f6ver. Sn\u00f6n i Nolbybacken r\u00e4cker inte till f\u00f6r att ge DH8-9 tillr\u00e4ckligt bra f\u00f6ruts\u00e4ttningar. Eftersom deras t\u00e4vlingss\u00e4song \u00e4r \u00f6ver drar vi ett streck h\u00e4r och g\u00e5r \u00f6ver p\u00e5 f\u00f6rs\u00e4songstr\u00e4ning p\u00e5 barmark ist\u00e4llet, det som hos vissa kallas f\u00f6r fotboll ;) Vican har dock n\u00e5gon vecka kvar, vilket \u00e4r bra eftersom vi ska h\u00e5lla ig\u00e5ng till p\u00e5sken i T\u00e4rnaby\/Hemavan d\u00e5 vi s\u00e4tter punkt f\u00f6r slaloms\u00e4songen f\u00f6r i \u00e5r.<\/p>\n<p><a href=\"https:\/\/www.petera.se\/blog\/wp-content\/uploads\/2011\/04\/Moonflex-Red.jpg\"><img decoding=\"async\" class=\"alignleft size-full wp-image-1822\" title=\"Moonflex Red\" src=\"https:\/\/www.petera.se\/blog\/wp-content\/uploads\/2011\/04\/Moonflex-Red.jpg\" alt=\"\" width=\"154\" height=\"82\" srcset=\"https:\/\/www.petera.se\/blog\/wp-content\/uploads\/2011\/04\/Moonflex-Red.jpg 308w, https:\/\/www.petera.se\/blog\/wp-content\/uploads\/2011\/04\/Moonflex-Red-300x159.jpg 300w\" sizes=\"(max-width: 154px) 100vw, 154px\" \/><\/a>Men n\u00e4r s\u00e4songen \u00e4r \u00f6ver b\u00f6rjar planeringen inf\u00f6r n\u00e4sta. Jag har f\u00e5tt bra koll p\u00e5 slipning och bryneri av kanter, och \u00e4r p\u00e5 v\u00e4g in i vallasv\u00e4ngen. Jag har dock frustrerats av lite f\u00f6r d\u00e5liga brynen. De tar f\u00f6r d\u00e5ligt och jag tycker att dom slits ut f\u00f6r fort. D\u00e4rf\u00f6r har jag b\u00f6rjat snegla p\u00e5 tokdyra, men av m\u00e5nga v\u00e4ldigt uppskattade Moonflex. De kommer i m\u00e5nga varianter med en f\u00e4rg f\u00f6r varje grovhet. Kanske att jag kan levla upp en niv\u00e5 i kanter ocks\u00e5 till n\u00e4sta s\u00e4song. Jag f\u00e5r ju redan nu vassa kanter, fattas bara annat, men jag vill ha sjukt vassa kanter, s\u00e5na som man direkt f\u00e5r associationer till kirurgiska instrument :)<\/p>\n<p>Kanske jag kan f\u00e5 det h\u00e4r med Moonflex. Ska kolla p\u00e5 n\u00e4tet vad man f\u00e5r l\u00e4gga ut&#8230; kanske l\u00e4ge att k\u00f6pa en hel serie, men d\u00e5 \u00e4r man \u00f6ver tusingen och hur motivera det i en redan skenande slalombudget?<\/p>\n","protected":false},"excerpt":{"rendered":"<p>Ig\u00e5r kom s\u00e5 det tr\u00e5kiga beskedet att s\u00e4songen f\u00f6r Emilias D-grupp \u00e4r \u00f6ver. Men n\u00e4r s\u00e4songen \u00e4r \u00f6ver b\u00f6rjar planeringen inf\u00f6r n\u00e4sta. Nu ska jag k\u00f6pa nya brynen, kanske till och med Moonflex. Sjukt dyra&#8230;<\/p>\n","protected":false},"author":2,"featured_media":0,"comment_status":"open","ping_status":"open","sticky":false,"template":"","format":"standard","meta":{"ngg_post_thumbnail":0,"footnotes":""},"categories":[5],"tags":[939,938,1275],"class_list":["post-1821","post","type-post","status-publish","format-standard","hentry","category-om-mig","tag-bryne","tag-moonflex","tag-slalom"],"aioseo_notices":[],"_links":{"self":[{"href":"https:\/\/www.petera.se\/blog\/wp-json\/wp\/v2\/posts\/1821","targetHints":{"allow":["GET"]}}],"collection":[{"href":"https:\/\/www.petera.se\/blog\/wp-json\/wp\/v2\/posts"}],"about":[{"href":"https:\/\/www.petera.se\/blog\/wp-json\/wp\/v2\/types\/post"}],"author":[{"embeddable":true,"href":"https:\/\/www.petera.se\/blog\/wp-json\/wp\/v2\/users\/2"}],"replies":[{"embeddable":true,"href":"https:\/\/www.petera.se\/blog\/wp-json\/wp\/v2\/comments?post=1821"}],"version-history":[{"count":7,"href":"https:\/\/www.petera.se\/blog\/wp-json\/wp\/v2\/posts\/1821\/revisions"}],"predecessor-version":[{"id":1829,"href":"https:\/\/www.petera.se\/blog\/wp-json\/wp\/v2\/posts\/1821\/revisions\/1829"}],"wp:attachment":[{"href":"https:\/\/www.petera.se\/blog\/wp-json\/wp\/v2\/media?parent=1821"}],"wp:term":[{"taxonomy":"category","embeddable":true,"href":"https:\/\/www.petera.se\/blog\/wp-json\/wp\/v2\/categories?post=1821"},{"taxonomy":"post_tag","embeddable":true,"href":"https:\/\/www.petera.se\/blog\/wp-json\/wp\/v2\/tags?post=1821"}],"curies":[{"name":"wp","href":"https:\/\/api.w.org\/{rel}","templated":true}]}}