{"id":2004,"date":"2011-05-30T22:34:03","date_gmt":"2011-05-30T20:34:03","guid":{"rendered":"http:\/\/www.petera.se\/blog\/?p=2004"},"modified":"2011-05-30T22:34:03","modified_gmt":"2011-05-30T20:34:03","slug":"innan-det-ar-for-sent","status":"publish","type":"post","link":"https:\/\/www.petera.se\/blog\/innan-det-ar-for-sent","title":{"rendered":"Innan det \u00e4r f\u00f6r sent"},"content":{"rendered":"<p>Jag \u00e4r ju en temakille! Ber\u00e4ttade om detta p\u00e5 workshopen vi hade med spelbolaget idag :) Jag valde ett fotografi av en eld vid incheckningen (fr\u00e5gan var\u00a0<em>Where am I today?<\/em>) och ber\u00e4ttade f\u00f6r gruppen att den f\u00f6r mig representerar k\u00e4nslan, eller kanske snarare f\u00f6rnimmelsen som byggs upp av strofen\u00a0<em>innan det \u00e4r f\u00f6r sent<\/em>! Just nu ser jag v\u00e4ldigt mycket i termer av innan det \u00e4r f\u00f6r sent ;) Sedan i l\u00f6rdags \u00e4r det mitt lilla minitema. Jag har f\u00e5tt feedback p\u00e5 andra omr\u00e5den jag fastnat i den senaste tiden. N\u00e5gra har p\u00e5pekat att jag pratat mycket om situerad kognition, andra p\u00e5pekat att det \u00e4r mycket dynamiska system just nu, och vid ett tillf\u00e4lle h\u00f6rde jag att jag fastnat f\u00f6r artefakter, \u00e4ven om jag sj\u00e4lv anser att artefakter och moj\u00e4nger h\u00f6r 90-talet till ;) Men nu \u00e4r det f\u00f6r sent som \u00e4r trallen f\u00f6r dagen&#8230;<\/p>\n<p>Anledningen till att jag har med mig innan det \u00e4r f\u00f6r sent just nu \u00e4r en fest jag var p\u00e5 i l\u00f6rdags. Det var en rockfest med m\u00e5nga sk\u00f6na exkollegor fr\u00e5n F\u00f6rs\u00e4kringskassan, och ute p\u00e5 verandan uppe p\u00e5 V\u00e5ningen hamnade jag i n\u00e5gra m\u00e4rkliga samtal som kn\u00f6t varje mening som uttalades i gruppen till titeln p\u00e5 v\u00e5ra kommande memoarer. N\u00e4r jag snodde frasen<em>innan det \u00e4r f\u00f6r sent<\/em> och sa att det var titeln f\u00f6r mina memoarer s\u00e5 h\u00e4nde det. Den satt. Som en sm\u00e4ck! Den blev f\u00f6r det f\u00f6rsta v\u00e4ldigt anv\u00e4ndbar och rolig. Kanske det hade att g\u00f6ra med tidpunkten och m\u00e4ngden alkohol, men det blev r\u00e4tt skoj att svara \u201d<em>Jaa, vad jag g\u00f6r nuf\u00f6rtiden? Jo, jag \u00e4r p\u00e5 IT-Arkitekterna och bygger ett kontor i Sundsvall\u2026innan det \u00e4r f\u00f6r sent<\/em>\u201d :) Antagligen \u00e4r niv\u00e5n p\u00e5 humor s\u00e5 l\u00e5g att mina barn skulle sucka tungt och s\u00e5 d\u00e4r k\u00e4rleksfullt s\u00e4ga \u201d<em>Men pappaaaa\u2026<\/em>\u201d men d\u00e5 var det skoj. Men n\u00e4r allvaret tog tag i mig och jag ins\u00e5g att jag m\u00e5ste skriva mina memoarer nu, innan det \u00e4r f\u00f6r sent, hickade jag till och fick n\u00e5t att fundera p\u00e5!<\/p>\n<p>Innan det \u00e4r f\u00f6r sent! Jamen, det g\u00e4ller ju allt \u00f6verallt och alltid. Varf\u00f6r inte g\u00f6r det d\u00e4r jag t\u00e4nkt p\u00e5, innan det \u00e4r f\u00f6r sent!? Varf\u00f6r inte s\u00e4ga det d\u00e4r jag grunnat p\u00e5, innan det \u00e4r f\u00f6r sent? Varf\u00f6r hejda och inte v\u00e5ga, varf\u00f6r s\u00e4ga nej och h\u00e5lla tillbaka eller varf\u00f6r inte v\u00e5ga s\u00e4ga nej och n\u00e5gong\u00e5ng prioritera\u2026innan det \u00e4r f\u00f6r sent!<\/p>\n<p>Fylld av upponerv\u00e4nda tankar skriver jag detta inl\u00e4gg\u2026innan det \u00e4r f\u00f6r sent ;D<\/p>\n<p>&nbsp;<\/p>\n","protected":false},"excerpt":{"rendered":"<p>Jag har ett nytt tema innan det \u00e4r f\u00f6r sent. Kan tyckas att det \u00e4r lite ytligt och sm\u00e5pretto s\u00e5 d\u00e4r, men faktum \u00e4r att det finns m\u00e5nga funderingar som v\u00e4cks om man tar strofen p\u00e5 allvar :)<\/p>\n","protected":false},"author":2,"featured_media":0,"comment_status":"open","ping_status":"open","sticky":false,"template":"","format":"standard","meta":{"ngg_post_thumbnail":0,"footnotes":""},"categories":[5],"tags":[298,994,1011,1010],"class_list":["post-2004","post","type-post","status-publish","format-standard","hentry","category-om-mig","tag-fest","tag-it-arkitekterna","tag-memoarer","tag-tema"],"aioseo_notices":[],"_links":{"self":[{"href":"https:\/\/www.petera.se\/blog\/wp-json\/wp\/v2\/posts\/2004","targetHints":{"allow":["GET"]}}],"collection":[{"href":"https:\/\/www.petera.se\/blog\/wp-json\/wp\/v2\/posts"}],"about":[{"href":"https:\/\/www.petera.se\/blog\/wp-json\/wp\/v2\/types\/post"}],"author":[{"embeddable":true,"href":"https:\/\/www.petera.se\/blog\/wp-json\/wp\/v2\/users\/2"}],"replies":[{"embeddable":true,"href":"https:\/\/www.petera.se\/blog\/wp-json\/wp\/v2\/comments?post=2004"}],"version-history":[{"count":1,"href":"https:\/\/www.petera.se\/blog\/wp-json\/wp\/v2\/posts\/2004\/revisions"}],"predecessor-version":[{"id":2007,"href":"https:\/\/www.petera.se\/blog\/wp-json\/wp\/v2\/posts\/2004\/revisions\/2007"}],"wp:attachment":[{"href":"https:\/\/www.petera.se\/blog\/wp-json\/wp\/v2\/media?parent=2004"}],"wp:term":[{"taxonomy":"category","embeddable":true,"href":"https:\/\/www.petera.se\/blog\/wp-json\/wp\/v2\/categories?post=2004"},{"taxonomy":"post_tag","embeddable":true,"href":"https:\/\/www.petera.se\/blog\/wp-json\/wp\/v2\/tags?post=2004"}],"curies":[{"name":"wp","href":"https:\/\/api.w.org\/{rel}","templated":true}]}}