{"id":2119,"date":"2011-09-20T06:33:00","date_gmt":"2011-09-20T04:33:00","guid":{"rendered":"http:\/\/www.petera.se\/blog\/?p=2119"},"modified":"2011-09-19T19:13:11","modified_gmt":"2011-09-19T17:13:11","slug":"ingen-bryr-sig-men-jag-bara-maste-skriva-forlat","status":"publish","type":"post","link":"https:\/\/www.petera.se\/blog\/ingen-bryr-sig-men-jag-bara-maste-skriva-forlat","title":{"rendered":"Ingen bryr sig &#8211; men jag bara m\u00e5ste skriva. F\u00f6rl\u00e5t!"},"content":{"rendered":"<p>Jag ber om urs\u00e4kt. F\u00f6r jag vet. Det \u00e4r ingen som bryr sig! Eller, det kanske det \u00e4r? Men det \u00e4r \u00e5tminstone ingen som orkar \u00e4gna tid \u00e5t att bry sig. Eller, det kanske det \u00e4r? Men det \u00e4r definitivt ingen som orkar \u00e4gna tid \u00e5t att bry sig p\u00e5 b\u00e4sta s\u00e4ndningstid i en kanal som finns framf\u00f6r n\u00e4san! Risken f\u00f6r att n\u00e5gon skulle bry sig f\u00f6rsvinner dessutom obenh\u00f6rligt om fr\u00e5gorna ber\u00f6r m\u00e4nniskor vi inte k\u00e4nner, som lever p\u00e5 andra sidan jorden, och som drabbas i s\u00e5na m\u00e4ngder att den enskilda individen f\u00f6rsvinner i de tusentals eller miljontals som har det sv\u00e5rt. Och n\u00e4r ingen bryr sig om ok\u00e4nda m\u00e4nniskor p\u00e5 ok\u00e4nda orter kan ju heller ingen bel\u00e4ggas med ansvaret att bry sig det minsta om djuren. Som f\u00e5ngas, slaktas och utrotas i en takt som s\u00e4llan sk\u00e5dats. Dom h\u00e4r fr\u00e5gorna \u00e4r enskilt s\u00e5 viktiga och konsekvenserna s\u00e5 starka att var och en skulle kunna uppr\u00f6ra och framkalla gr\u00e5t. Om nu n\u00e5gon skulle bry sig. Jag l\u00e4ste en tweet av <a title=\"Twitter: Hans Rosling\" href=\"http:\/\/twitter.com\/#!\/HansRosling\" target=\"_blank\">Hans Rosling<\/a> om <a title=\"Hans Rosling. Situationen p\u00e5 Afrikas Horn\" href=\"http:\/\/is.gd\/49BvSr\" target=\"_blank\">situationen p\u00e5 Afrikas Horn<\/a> som f\u00f6r f\u00e5 har tagit del av, men som verkligen ber\u00f6r p\u00e5 ett obehagligt s\u00e4tt f\u00f6r den som l\u00e4ser.<\/p>\n<p>Jag ber allts\u00e5 om urs\u00e4kt f\u00f6r att jag st\u00f6r, f\u00f6r ingen vill l\u00e4sa inl\u00e4gg om tillst\u00e5ndet i v\u00e4rlden! Jag vet det. \u00c5tminstone inte p\u00e5 b\u00e4sta s\u00e4ndningstid i en kanal som finns d\u00e4r mitt framf\u00f6r n\u00e4san! Jag vet det ocks\u00e5. Och intressanta inl\u00e4gg och dynamiska dialoger p\u00e5 twitter, facebook, bloggar och andra sociala kanaler \u00e4r ju inte till f\u00f6r att vi ska f\u00f6rst\u00e5 mer och f\u00f6rs\u00f6ka bli b\u00e4ttre m\u00e4nniskor, utan f\u00f6r v\u00e5r f\u00f6rn\u00f6jelse, f\u00f6r att vi ska tillgodose v\u00e5ra behov av att tillh\u00f6ra en grupp och f\u00e5 v\u00e5r dagliga dos av bekr\u00e4ftelse. Jag vet allt detta. Jag vet av egen erfarenhet f\u00f6r jag \u00e4r precis likadan! Jag s\u00e5g ig\u00e5r p\u00e5 ett avsnitt i en serie som BBC producerat &#8211; <a title=\"SVT: M\u00e4nniskans planet\" href=\"http:\/\/svt.se\/2.161551\/manniskans_planet?lid=20110918&amp;lpos=SVT2_0000_sitelink&amp;from=tabla\" target=\"_blank\">M\u00e4nniskans planet<\/a>\u00a0och p\u00e5 <a title=\"SVTPlay: M\u00e4nniskans Planet\" href=\"http:\/\/svtplay.se\/t\/166070\/manniskans_planet\" target=\"_blank\">SVT Play<\/a> &#8211; och som bland annat handlade om fiskare utanf\u00f6r Fillipinerna som med fara f\u00f6r sitt liv dyker 40 meter ner med hemmagjorda simf\u00f6tter och syre genom en slang f\u00f6r att med n\u00e4t f\u00e5nga fisk. De beh\u00f6ver dyka djupare och djupare f\u00f6r att f\u00e5 tag i fisken som snart utrotats av h\u00f6geffektiva tr\u00e5lare som dammsuger kusterna efter sitt byte och l\u00e4mnar lokala fiskare utan f\u00f6dkrok.<\/p>\n<p>S\u00e5 jag ber er alla och mig sj\u00e4lv om urs\u00e4kt f\u00f6r att jag h\u00e5ller p\u00e5. Till ingen nytta. F\u00f6r vi bryr oss ju inte. Vi gn\u00e4ller \u00f6ver den d\u00e5liga precisionen hos statens j\u00e4rnv\u00e4gar. Vi surar och bittrar \u00f6ver den d\u00e5liga mobilt\u00e4ckningen. Vi retar upp oss till bristningsgr\u00e4nsen n\u00e4r grannen skyfflar sn\u00f6 till v\u00e5ran sida v\u00e4gen. Dessa \u00e4r ju v\u00e5ra livs stora problem, f\u00f6r \u00e4n s\u00e5 l\u00e4nge har vi mat p\u00e5 bordet, hus att bo i och en natur som p\u00e5 ytan ser ut att m\u00e5 bra. N\u00e5got annat bryr vi oss inte om. Eller kan det vara s\u00e5 att vi inte v\u00e5gar bry oss om mer? Finns det r\u00e4dslor som hindrar oss att engagera oss i de allvarliga problemen i v\u00e4rlden? Finns det n\u00e5gon rationell f\u00f6rklaring som kan f\u00f6rsvara det faktum att ingen bryr sig? Att jag inte bryr mig mer? Att jag inte g\u00f6r mer? Att jag genom en m\u00e5nadshundring som <a title=\"WWF: Sp\u00e4ckhuggarfadder\" href=\"http:\/\/www.wwf.se\/insamlingsportal\/fadderskap\/spckhuggarfadder\/1346979-spckhuggare-start\" target=\"_blank\">sp\u00e4gghuggarfadder<\/a> k\u00f6per mig fri fr\u00e5n obehaget jag upplevde av att se filmen <a title=\"Film: Oceans\" href=\"http:\/\/disney.go.com\/disneynature\/oceans\/\" target=\"_blank\">Oceans<\/a>? Ist\u00e4llet f\u00f6r att mer aktivt engagera mig, fatta medvetna beslut om vad jag \u00e4ter, handlar och s\u00e4ger&#8230;<\/p>\n<p>Jag ber om urs\u00e4kt f\u00f6r mina tillkortakommanden och bristande \u00e5tg\u00e4rder f\u00f6r denna v\u00e4rld.<\/p>\n<p>Jag ber om urs\u00e4kt f\u00f6r att jag st\u00f6r i en kanal mitt framf\u00f6r din n\u00e4sa.<\/p>\n<p>Jag ber om urs\u00e4kt! F\u00f6rl\u00e5t!<\/p>\n","protected":false},"excerpt":{"rendered":"<p>Det h\u00e4r \u00e4r ett av dom d\u00e4r inl\u00e4ggen som du inte vill l\u00e4sa! Ingen vill bry sig om de jobbiga fr\u00e5gorna och problemen, och jag ber om urs\u00e4kt f\u00f6r att de dyker upp h\u00e4r. Mitt uppe i v\u00e5r mysiga v\u00e4rld, som ett lamt f\u00f6rs\u00f6k att v\u00e4cka samvete och skapa skuld. Jag borde inte ha skrivit, jag vet, men jag kunde inte l\u00e5ta bli. F\u00f6rl\u00e5t.<\/p>\n","protected":false},"author":2,"featured_media":0,"comment_status":"open","ping_status":"open","sticky":false,"template":"","format":"standard","meta":{"ngg_post_thumbnail":0,"footnotes":""},"categories":[4,5,8],"tags":[1047,1266],"class_list":["post-2119","post","type-post","status-publish","format-standard","hentry","category-manniskor","category-om-mig","category-varlden","tag-katastrof","tag-varlden"],"aioseo_notices":[],"_links":{"self":[{"href":"https:\/\/www.petera.se\/blog\/wp-json\/wp\/v2\/posts\/2119","targetHints":{"allow":["GET"]}}],"collection":[{"href":"https:\/\/www.petera.se\/blog\/wp-json\/wp\/v2\/posts"}],"about":[{"href":"https:\/\/www.petera.se\/blog\/wp-json\/wp\/v2\/types\/post"}],"author":[{"embeddable":true,"href":"https:\/\/www.petera.se\/blog\/wp-json\/wp\/v2\/users\/2"}],"replies":[{"embeddable":true,"href":"https:\/\/www.petera.se\/blog\/wp-json\/wp\/v2\/comments?post=2119"}],"version-history":[{"count":3,"href":"https:\/\/www.petera.se\/blog\/wp-json\/wp\/v2\/posts\/2119\/revisions"}],"predecessor-version":[{"id":2122,"href":"https:\/\/www.petera.se\/blog\/wp-json\/wp\/v2\/posts\/2119\/revisions\/2122"}],"wp:attachment":[{"href":"https:\/\/www.petera.se\/blog\/wp-json\/wp\/v2\/media?parent=2119"}],"wp:term":[{"taxonomy":"category","embeddable":true,"href":"https:\/\/www.petera.se\/blog\/wp-json\/wp\/v2\/categories?post=2119"},{"taxonomy":"post_tag","embeddable":true,"href":"https:\/\/www.petera.se\/blog\/wp-json\/wp\/v2\/tags?post=2119"}],"curies":[{"name":"wp","href":"https:\/\/api.w.org\/{rel}","templated":true}]}}