{"id":2129,"date":"2011-10-09T23:00:33","date_gmt":"2011-10-09T21:00:33","guid":{"rendered":"http:\/\/www.petera.se\/blog\/?p=2129"},"modified":"2012-03-21T13:18:57","modified_gmt":"2012-03-21T11:18:57","slug":"varfor-finns-vi-till-svaret-driver-framgang","status":"publish","type":"post","link":"https:\/\/www.petera.se\/blog\/varfor-finns-vi-till-svaret-driver-framgang","title":{"rendered":"Varf\u00f6r finns vi till? Svaret driver framg\u00e5ng!"},"content":{"rendered":"<p>Jag hade ett sk\u00f6nt snack med Emilia ikv\u00e4ll om livets uppkomst. Hon undrade om jag trodde p\u00e5 Gud eller p\u00e5 Big Bang (m\u00e4rk att jag stavar b\u00e5da tv\u00e5 med stor bokstav). Jag svarade som vanligt att jag inte tror p\u00e5 n\u00e5got utan att jag inte vet och att jag undrar hur det funkar, men att jag tror p\u00e5 n\u00e5got, att det finns en tanke med att vi finns h\u00e4r, med att fiskarna klev upp p\u00e5 land och blev till landlevande. Att m\u00e4nniskor byggde pyramider n\u00e4r tiden var minus, som Emilia uttryckte det.<\/p>\n<p>Fr\u00e5gan <em>Varf\u00f6r?<\/em> \u00e4r ju speciell! Den passar in p\u00e5 m\u00e5nga scenarier och kan hj\u00e4lpa m\u00e5nga situationer. T\u00e4nk hur m\u00e5nga br\u00e5k och konflikter som skulle ha undvikits om parterna fr\u00e5gat sig <em>Varf\u00f6r<\/em>? Att fr\u00e5ga sig varf\u00f6r vi finns till \u00e4r tufft och jag fick en svindlande k\u00e4nsla i magen n\u00e4r jag p\u00e5 s\u00e4ngkanten t\u00e4nkte p\u00e5 varf\u00f6r i hela friden vi finns till. Varf\u00f6r inte? Vad skulle finnas om inget fanns. D\u00e5 skulle ju inget heller finnas eftersom det \u00e4nd\u00e5 \u00e4r n\u00e5got i kontrasten till n\u00e5got. Fr\u00e5gan skulle ju bli helt irrelevant om inget fanns. Men varf\u00f6r finns n\u00e5got? Om\u00f6jligt att f\u00f6rst\u00e5.<\/p>\n<p>F\u00f6r organisationer \u00e4r fr\u00e5gan <em>Varf\u00f6r?<\/em> v\u00e4ldigt viktig. Simon Sinek har forskat, skrivit en bok och f\u00f6rel\u00e4st p\u00e5 <a title=\"Ted Talks\" href=\"http:\/\/www.ted.com\" target=\"_blank\">Ted Talks<\/a> i \u00e4mnet. Hans f\u00f6rel\u00e4sning <a title=\"Ted Talks: Simon Sinek\" href=\"http:\/\/www.ted.com\/talks\/lang\/eng\/simon_sinek_how_great_leaders_inspire_action.html\" target=\"_blank\">How Great Leaders Inspires Action<\/a> \u00e4r en av de absolut mest omv\u00e4lvande som jag sett. Det spelar ingen roll om det \u00e4r Brene Brown som pratar om <a title=\"Ted Talks: Brene Brown\" href=\"http:\/\/www.ted.com\/talks\/lang\/eng\/brene_brown_on_vulnerability.html\" target=\"_blank\">s\u00e5rbarhet<\/a> s\u00e5 att jag b\u00f6rjar gr\u00e5ta. Det spelar ingen roll om det \u00e4r Rebecca Saxe som s\u00e5 skrattframkallande och smart ber\u00e4ttar om hur barn f\u00e5r sin <a title=\"Ted Talks: Rebecca Saxe\" href=\"http:\/\/www.ted.com\/talks\/lang\/eng\/rebecca_saxe_how_brains_make_moral_judgments.html\" target=\"_blank\">moraluppfattning<\/a>. \u00a0Eller Geoffrey West som drar fantastiska slutsatser om <a title=\"Ted Talks. Geoffrey West\" href=\"http:\/\/www.ted.com\/talks\/geoffrey_west_the_surprising_math_of_cities_and_corporations.html\" target=\"_blank\">st\u00e4ders utveckling<\/a> och innovationens n\u00f6dv\u00e4ndiga p\u00e5verkan f\u00f6r att styra allt i r\u00e4tt riktning. Inte ens Dan Ariely som alltid \u00e4r grym och som har en sk\u00f6n ber\u00e4ttelse om intuition och rationalitet (l\u00e4s hans intressanta bok <a title=\"Dan Ariely:(O)logiskt : varf\u00f6r smarta m\u00e4nniskor fattar irrationella beslut\" href=\"http:\/\/clk.tradedoubler.com\/click?p=362&amp;a=2053184&amp;g=17415644&amp;url=http:\/\/www.bokus.com\/bok\/9789153431169\" target=\"_blank\">(O)logiskt : varf\u00f6r smarta m\u00e4nniskor fattar irrationella beslut<\/a><script type=\"text\/javascript\">\/\/ <![CDATA[\nvar uri = 'http:\/\/impse.tradedoubler.com\/imp?type(inv)g(17415644)a(2053184)' + new String (Math.random()).substring (2, 11);\ndocument.write('<img decoding=\"async\" src=\"'+uri +'\">');\n\/\/ ]]><\/script>) n\u00e5r upp. Simon Sinek \u00e4ger allihop!<\/p>\n<p>Hans enkla tes \u00e4r att det inte r\u00e4cker med att ber\u00e4tta f\u00f6r sin omgivning vad man kan erbjuda. F\u00f6r ett f\u00f6retag \u00e4r det inte tillr\u00e4ckligt framg\u00e5ngsrikt att bara ber\u00e4tta att &#8221;<em>vi \u00e4r duktiga p\u00e5&#8230;<\/em>&#8221; eller &#8221;<em>vi har marknadens b\u00e4sta&#8230;<\/em>&#8221;. Enligt Sinek utm\u00e4rker sig de framg\u00e5ngsrika genom att prata om helt andra saker. De b\u00f6rjar med fr\u00e5gan <em>Varf\u00f6r<\/em>? Varf\u00f6r finns v\u00e5rt f\u00f6retag till? Varf\u00f6r ska n\u00e5gon anv\u00e4nda v\u00e5ra produkter? Varf\u00f6r ska vi g\u00e5 till jobbet varje morgon och slita och k\u00e4mpa? De som kan svaret p\u00e5 dessa fr\u00e5gor blir framg\u00e5ngsrika.<\/p>\n<p>Jag tror att det st\u00e4mmer. Jag tror att detta \u00e4r den meta-f\u00f6rel\u00e4sning som jag letat efter. Under det senaste \u00e5ret har jag b\u00f6rjat skapa mig ett eget varf\u00f6r. De finns ju i flera systemniv\u00e5er samtidigt s\u00e5 jag m\u00e5ste ju ha ett personligt och det b\u00f6r rimma v\u00e4l med f\u00f6retagets :) Om vi vet varf\u00f6r vi finns till och vill arbeta tillsammans d\u00e5 kommer vi att skilja oss fr\u00e5n m\u00e4ngden och vi kommer att ta fram makal\u00f6sa tj\u00e4nster och produkter och de kommer att betyda mer f\u00f6r v\u00e5ra kunder \u00e4n v\u00e5ra konkurrenters. Genom att anv\u00e4nda sig av Sineks id\u00e9 kan jag integrera Browns beskrivningar av s\u00e5rbarhet som en del av f\u00f6rst\u00e5elsen f\u00f6r hur svaret p\u00e5 v\u00e5rt Varf\u00f6r byggs upp, men ocks\u00e5 hur v\u00e5ra tj\u00e4nster b\u00f6r utformas och levereras. Jag kan anv\u00e4nda Wests stadsmatematik som en ingrediens i Varf\u00f6r-svaret om marknadsf\u00f6ring och leveranser som st\u00e4ller om v\u00e5ra st\u00e4der och v\u00e5r v\u00e4rld. Saxe och Ariely kan bidra med moraliska dilemmor och hur sv\u00e5rt det \u00e4r att hantera rationalitet n\u00e4r vi styrs av intuition. Men det \u00e4r Sineks id\u00e9 som \u00e4r ramen &#8211; att v\u00e4rlden kan f\u00f6rs\u00e4ttas genom att ha en stark n\u00e4rhet till sitt eget Varf\u00f6r?<\/p>\n<p>Det paradoxala i detta \u00e4r att svaret p\u00e5 mitt varf\u00f6r handlar om att samarbete \u00e4r the shit! Oavsett om vi \u00e4r konkurrenter, kunder, samarbetspartners, l\u00e4ros\u00e4ten eller annat. Hur det ska g\u00e5 f\u00e5r ni v\u00e4l se i ett Ted Talks n\u00e5gon g\u00e5ng i framtiden, men jag antar att vi alla dras in i ett gemensamt och varmt varf\u00f6r ;)<\/p>\n","protected":false},"excerpt":{"rendered":"<p>Den b\u00e4sta Ted Talks jag n\u00e5gonsin s\u00e4tt. Simon Sinek har en metaf\u00f6rel\u00e4sning om vad det \u00e4r som g\u00e4ller f\u00f6r att verkligen uppn\u00e5 sina m\u00e5l! Har du koll p\u00e5 ditt eget Varf\u00f6r? <\/p>\n","protected":false},"author":2,"featured_media":0,"comment_status":"open","ping_status":"open","sticky":false,"template":"","format":"standard","meta":{"ngg_post_thumbnail":0,"footnotes":""},"categories":[4,5],"tags":[],"class_list":["post-2129","post","type-post","status-publish","format-standard","hentry","category-manniskor","category-om-mig"],"aioseo_notices":[],"_links":{"self":[{"href":"https:\/\/www.petera.se\/blog\/wp-json\/wp\/v2\/posts\/2129","targetHints":{"allow":["GET"]}}],"collection":[{"href":"https:\/\/www.petera.se\/blog\/wp-json\/wp\/v2\/posts"}],"about":[{"href":"https:\/\/www.petera.se\/blog\/wp-json\/wp\/v2\/types\/post"}],"author":[{"embeddable":true,"href":"https:\/\/www.petera.se\/blog\/wp-json\/wp\/v2\/users\/2"}],"replies":[{"embeddable":true,"href":"https:\/\/www.petera.se\/blog\/wp-json\/wp\/v2\/comments?post=2129"}],"version-history":[{"count":3,"href":"https:\/\/www.petera.se\/blog\/wp-json\/wp\/v2\/posts\/2129\/revisions"}],"predecessor-version":[{"id":2131,"href":"https:\/\/www.petera.se\/blog\/wp-json\/wp\/v2\/posts\/2129\/revisions\/2131"}],"wp:attachment":[{"href":"https:\/\/www.petera.se\/blog\/wp-json\/wp\/v2\/media?parent=2129"}],"wp:term":[{"taxonomy":"category","embeddable":true,"href":"https:\/\/www.petera.se\/blog\/wp-json\/wp\/v2\/categories?post=2129"},{"taxonomy":"post_tag","embeddable":true,"href":"https:\/\/www.petera.se\/blog\/wp-json\/wp\/v2\/tags?post=2129"}],"curies":[{"name":"wp","href":"https:\/\/api.w.org\/{rel}","templated":true}]}}