{"id":220,"date":"2008-09-05T23:32:54","date_gmt":"2008-09-05T21:32:54","guid":{"rendered":"http:\/\/www.petera.se\/blog\/?p=220"},"modified":"2008-09-08T20:33:13","modified_gmt":"2008-09-08T18:33:13","slug":"forsta-forelasningarna","status":"publish","type":"post","link":"https:\/\/www.petera.se\/blog\/forsta-forelasningarna","title":{"rendered":"F\u00f6rsta f\u00f6rel\u00e4sningarna i sociologi"},"content":{"rendered":"<p>Wow, jag har g\u00e5tt p\u00e5 de f\u00f6rsta f\u00f6rel\u00e4sningarna i sociologikursen, Sociologi GR (A), p\u00e5 Mittuniversitetet. Jag b\u00f6rjade p\u00e5 fulltidskursen innan jag fick reda p\u00e5 att jag f\u00e5tt plats p\u00e5 deltidskursen p\u00e5 distans, men det var roligt att g\u00e5 p\u00e5 f\u00f6rel\u00e4sningarna och lyssna p\u00e5 teorier om socialpsykologi och diskutera fr\u00e5gest\u00e4llningarna :)<\/p>\n<p>Jag \u00e4r f\u00f6r \u00f6verv\u00e4ldigad av de tv\u00e5 f\u00f6rsta stunderna f\u00f6r att beskriva alla tankar och reflektioner jag f\u00e5tt, men en grej etsade sig fast mer \u00e4n \u00f6vriga. Jag reagerade\u00a0\u00f6ver rubriken p\u00e5 en sida; <em>Sociologisk teori<\/em>. Intressant, t\u00e4nkte jag, och fr\u00e5gade om det fanns en sociologisk praktik ocks\u00e5 :) En kort tvekan fr\u00e5n l\u00e4raren Ulrika innan hon svarade att forskningen \u00e4r praktiken d\u00e4r vi med metoder och former f\u00f6r analys tar reda p\u00e5 mer.<\/p>\n<p>Jag funderade mycket p\u00e5 svaret och kom fram till att jag inte h\u00e5ller med. Sociologisk praktik f\u00f6r mig \u00e4r n\u00e4r jag tr\u00e4ffar andra m\u00e4nniskor och g\u00f6r sociologi p\u00e5 riktigt :) Dessutom vill jag anv\u00e4nda alla dessa teorier f\u00f6r att bli b\u00e4ttre p\u00e5 ledarskap p\u00e5 allehanda s\u00e4tt och att kunna arbeta b\u00e4ttre som coach och konsult genom att b\u00e4ttre f\u00f6rst\u00e5 vad som h\u00e4nder mellan m\u00e4nniskor och varf\u00f6r det h\u00e4nder.<\/p>\n<p>D\u00e4r ligger min sociologiska praktik ;) Imorrn ska jag p\u00e5 f\u00f6rsta f\u00f6rel\u00e4sningen i distanskursen. Det blir intressant att h\u00f6ra om Katarina har en annan uppfattning. Det kan bli kul :)<\/p>\n","protected":false},"excerpt":{"rendered":"<p>Wow, jag har g\u00e5tt p\u00e5 de f\u00f6rsta f\u00f6rel\u00e4sningarna i sociologikursen, Sociologi GR (A), p\u00e5 Mittuniversitetet. Jag b\u00f6rjade p\u00e5 fulltidskursen innan jag fick reda p\u00e5 att jag f\u00e5tt plats p\u00e5 deltidskursen p\u00e5 distans, men det var roligt att g\u00e5 p\u00e5 f\u00f6rel\u00e4sningarna och lyssna p\u00e5 teorier om socialpsykologi och diskutera fr\u00e5gest\u00e4llningarna :) Jag \u00e4r f\u00f6r \u00f6verv\u00e4ldigad av&hellip;<\/p>\n","protected":false},"author":2,"featured_media":0,"comment_status":"open","ping_status":"open","sticky":false,"template":"","format":"standard","meta":{"ngg_post_thumbnail":0,"footnotes":""},"categories":[3,5],"tags":[153,71,280],"class_list":["post-220","post","type-post","status-publish","format-standard","hentry","category-ledarskap","category-om-mig","tag-mittuniversitetet","tag-sociologi","tag-sociologi-gr-a"],"aioseo_notices":[],"_links":{"self":[{"href":"https:\/\/www.petera.se\/blog\/wp-json\/wp\/v2\/posts\/220","targetHints":{"allow":["GET"]}}],"collection":[{"href":"https:\/\/www.petera.se\/blog\/wp-json\/wp\/v2\/posts"}],"about":[{"href":"https:\/\/www.petera.se\/blog\/wp-json\/wp\/v2\/types\/post"}],"author":[{"embeddable":true,"href":"https:\/\/www.petera.se\/blog\/wp-json\/wp\/v2\/users\/2"}],"replies":[{"embeddable":true,"href":"https:\/\/www.petera.se\/blog\/wp-json\/wp\/v2\/comments?post=220"}],"version-history":[{"count":5,"href":"https:\/\/www.petera.se\/blog\/wp-json\/wp\/v2\/posts\/220\/revisions"}],"predecessor-version":[{"id":240,"href":"https:\/\/www.petera.se\/blog\/wp-json\/wp\/v2\/posts\/220\/revisions\/240"}],"wp:attachment":[{"href":"https:\/\/www.petera.se\/blog\/wp-json\/wp\/v2\/media?parent=220"}],"wp:term":[{"taxonomy":"category","embeddable":true,"href":"https:\/\/www.petera.se\/blog\/wp-json\/wp\/v2\/categories?post=220"},{"taxonomy":"post_tag","embeddable":true,"href":"https:\/\/www.petera.se\/blog\/wp-json\/wp\/v2\/tags?post=220"}],"curies":[{"name":"wp","href":"https:\/\/api.w.org\/{rel}","templated":true}]}}