{"id":2321,"date":"2012-01-08T11:47:41","date_gmt":"2012-01-08T09:47:41","guid":{"rendered":"http:\/\/www.petera.se\/blog\/?p=2321"},"modified":"2012-01-11T22:40:29","modified_gmt":"2012-01-11T20:40:29","slug":"sover-du-tillrackligt-mycket","status":"publish","type":"post","link":"https:\/\/www.petera.se\/blog\/sover-du-tillrackligt-mycket","title":{"rendered":"Sover du tillr\u00e4ckligt mycket?"},"content":{"rendered":"<p>S\u00e5 h\u00e4r p\u00e5 jul- och ny\u00e5rshelgernas sista lediga dag innan allvaret b\u00f6rjar \u00e4r det ett bra l\u00e4ge att reflektera lite. M\u00e5nga avger ju ett eller flera ny\u00e5rsl\u00f6ften, men det \u00e4r inte fler \u00e4n en av \u00e5tta svenskar som har den h\u00e4r traditionen enligt SIFO. Tyv\u00e4rr \u00e4r det v\u00e4ldigt sv\u00e5rt att h\u00e5lla dessa l\u00f6ften. Redan under januari spricker det f\u00f6r n\u00e4stan 20% av alla som lovat n\u00e5got. Men om det \u00e4r ett ny\u00e5rsl\u00f6fte du borde avge och f\u00f6rs\u00f6ka h\u00e5lla s\u00e5 \u00e4r det att sova tillr\u00e4ckligt mycket. Forskning visar att vi tar mycket stryk av bristande s\u00f6mn, och att m\u00e5nga av oss sover f\u00f6r lite!<\/p>\n<p><a href=\"https:\/\/www.petera.se\/blog\/wp-content\/uploads\/2012\/01\/sleep.jpg\"><img decoding=\"async\" class=\"aligncenter size-full wp-image-2322\" title=\"sleep\" src=\"https:\/\/www.petera.se\/blog\/wp-content\/uploads\/2012\/01\/sleep.jpg\" alt=\"\" width=\"400\" height=\"266\" srcset=\"https:\/\/www.petera.se\/blog\/wp-content\/uploads\/2012\/01\/sleep.jpg 400w, https:\/\/www.petera.se\/blog\/wp-content\/uploads\/2012\/01\/sleep-300x199.jpg 300w\" sizes=\"(max-width: 400px) 100vw, 400px\" \/><\/a><\/p>\n<p>Att l\u00f6ften spricker beror ofta p\u00e5 att de avgivna l\u00f6ftena brukar bli f\u00f6r stora och omfattande vilket kr\u00e4ver f\u00f6r mycket viljestyrka, och de \u00e4r ofta orienterade mot inte-l\u00f6ften som \u00e4r jobbigare att arbeta mot. Ett inte-l\u00f6fte \u00e4r ett m\u00e5l som inneh\u00e5ller undvikandet av n\u00e5got negativt, som t.ex. <em>jag-ska-sluta-r\u00f6ka<\/em> eller <em>jag-ska-dricka-mindre<\/em>. De \u00e4r sv\u00e5rare f\u00f6r oss m\u00e4nniskor att str\u00e4va mot j\u00e4mf\u00f6rt med mer positivt och konstruktivt inriktade l\u00f6ften som inneh\u00e5ller ett nytt l\u00e4ge, som t.ex. <em>jag-vill-m\u00e5-bra<\/em> eller<em> under-2012-tr\u00e4nar-jag-p\u00e5-gym<\/em>. Med ett mindre omfattande m\u00e5l \u00f6kar chansen att uppn\u00e5 det och vi m\u00e4nniskor \u00e4r bra p\u00e5 att bli beroende av positiva bel\u00f6ningar. S\u00e5 ett tips skulle kunna vara att inte ha ny\u00e5rsl\u00f6ften utan m\u00e5nads- eller veckol\u00f6ften :) T\u00e4nk ett l\u00f6fte <em>jag-b\u00f6rjar-l\u00e4sa-en-ny-bok-under-januari<\/em>. N\u00e4r den sista januari n\u00e5s och boken \u00e4r k\u00f6pte eller l\u00e5nad och jag har l\u00e4st n\u00e5gra sidor s\u00e5 har jag n\u00e5tt mitt m\u00e5l och bel\u00f6nar mig sj\u00e4lv genom att ber\u00f6mma mig sj\u00e4lv och unna mig sj\u00e4lv n\u00e5got jag \u00f6nskar, och att l\u00e5ta andra ber\u00f6mma mig (eftersom ny\u00e5rsl\u00f6ften ofta \u00e4r socialt transparenta). N\u00e4sta l\u00f6fte f\u00f6r februari blir<em> jag-har-l\u00e4st-mer-\u00e4n-halva-boken<\/em>, och n\u00e4r februari \u00e4r \u00f6ver g\u00f6r jag samma bel\u00f6ningsrutin. F\u00f6r mars ska boken l\u00e4sas ut och samma uppf\u00f6ljning i slutet. Om jag aldrig har l\u00e4st en bok (f\u00f6r den nytillkomne bloggl\u00e4saren vill jag po\u00e4ngtera det som \u00e4r uppenbart f\u00f6r mina k\u00e4ra staml\u00e4sare, att detta \u00e4r ett rent hypotetiskt resonemang eftersom jag l\u00e4ser sjukt mycket b\u00f6cker, \u00e4ven om jag skulle beh\u00f6va ett ny\u00e5rsl\u00f6fte att l\u00e4sa klart fler ;) s\u00e5 blir detta sannolikt ett l\u00e4ttare s\u00e4tt att l\u00e4sa min f\u00f6rsta bok \u00e4n om jag skulle s\u00e4tta upp ny\u00e5rs\u00f6ftet<em> jag-ska-l\u00e4sa-mer<\/em> eller <em>jag-ska-l\u00e4sa-tio-b\u00f6cker<\/em>! Det verkar dock som att det finns en genv\u00e4g till m\u00e5let att l\u00e4sa sin f\u00f6rsta bok, och det \u00e4r att k\u00f6pa eller l\u00e5na julens stora favorit <a href=\"http:\/\/clk.tradedoubler.com\/click?p=362&#038;a=2053184&#038;g=17415644&#038;url=http:\/\/www.bokus.com\/bok\/9789100126537\/jag-ar-zlatan-zlatans-egen-berattelse\/\" target=\"_blank\">Jag \u00e4r Zlatan: Zlatans egen ber\u00e4ttelse<\/a><script type=\"text\/javascript\">\nvar uri = 'http:\/\/impse.tradedoubler.com\/imp?type(inv)g(17415644)a(2053184)' + new String (Math.random()).substring (2, 11);\ndocument.write('<img decoding=\"async\" src=\"'+uri +'\">');\n<\/script> (<a href=\"http:\/\/clk.tradedoubler.com\/click?p=21&amp;a=2053184&amp;g=16159304&amp;url=http:\/\/www.adlibris.com\/se\/product.aspx?isbn=9100126535\" target=\"_blank\">AdLibris<\/a><script type=\"text\/javascript\">\/\/ <![CDATA[\n var uri = 'http:\/\/impse.tradedoubler.com\/imp?type(inv)g(16159304)a(2053184)' + new String (Math.random()).substring (2, 11); document.write('<img decoding=\"async\" src=\"'+uri +'\">');\n\/\/ ]]><\/script>). Jag har h\u00f6rt flera som inte l\u00e4st en bok sedan h\u00f6gstadiet, som har l\u00e4st den h\u00e4r fr\u00e5n p\u00e4rm till p\u00e4rm okontaktbar fr\u00e5n omgivningen.<\/p>\n<p>S\u00e5 ett ny\u00e5rsl\u00f6fte som handlar om s\u00f6mn borde vara l\u00e4tt att f\u00f6rst\u00e5 och genomf\u00f6ra. Varf\u00f6r inte b\u00f6rja med att ta reda p\u00e5 hur mycket du sover? Anledningen till att det \u00e4r viktigt att sova, och d\u00e4rmed ocks\u00e5 veta hur mycket jag sover \u00e4r att det p\u00e5verkar v\u00e5r h\u00e4lsa. I en artikel i <a href=\"http:\/\/www.fastcompany.com\">Fast Company<\/a> &#8211; <a href=\"http:\/\/www.fastcodesign.com\/1663126\/infographic-of-the-day-so-what-if-you-dont-sleep-enough\">Infographic of the Day: So What If You Don&#8217;t Sleep Enough?<\/a>beskrivs forskning p\u00e5 m\u00e4nniskors s\u00f6mnvanor och dess konsekvenser p\u00e5 ett lite annorlunda s\u00e4tt. Det \u00e4r fokuserat mot verktyg f\u00f6r s\u00f6mnhj\u00e4lp men inneh\u00e5ller m\u00e5nga jobbiga fakta. Det st\u00f6ds av en annan artikel i The Washington Post &#8211;\u00a0<a title=\"Washington Post\" href=\"http:\/\/www.washingtonpost.com\/wp-dyn\/content\/article\/2005\/10\/08\/AR2005100801405.html\" target=\"_blank\">Scientists Finding Out What Losing Sleep Does to a Body<\/a>\u00a0d\u00e4r mindre s\u00f6mn \u00e4n sju timmar per natt \u00f6kar risken f\u00f6r \u00f6vervikt, cancer, hj\u00e4rt- och k\u00e4rlsjukdomar och diabetes! S\u00e5 enkla symptom som att hj\u00e4rnan fungerar snabbare p\u00e5 oss som sovit tillr\u00e4ckligt, vi \u00e4r trevligare och mer uppm\u00e4rksamma \u00e4r l\u00e4tta att f\u00f6rst\u00e5. Det har vi alla upplevt sj\u00e4lva, och som sm\u00e5barnsf\u00f6r\u00e4lder har jag full koll p\u00e5 s\u00f6mnbrist och deras effekter ;) Men det \u00e4r viktigt att ta sin s\u00f6mn p\u00e5 allvar och f\u00f6rs\u00f6ka sova mer \u00e4n sju timmar varje natt. Men m\u00e4rk v\u00e4l, att f\u00f6r mycket s\u00f6mn \u00e4r inte heller bra. Det ger liknande effekter och b\u00f6r ocks\u00e5 undvikas. Om du blivit nyfiken p\u00e5 s\u00f6mn, l\u00e4s Bora Zivkovics inl\u00e4gg i Scientific American &#8211; <a title=\"Scientific American - A Blog Around The CLock\" href=\"http:\/\/blogs.scientificamerican.com\/a-blog-around-the-clock\/2011\/08\/29\/everything-you-always-wanted-to-know-about-sleep-but-were-too-afraid-to-ask\/\" target=\"_blank\">Everything You Always Wanted To Know About Sleep (But Were Too Afraid To Ask)<\/a>. Den beskriver ocks\u00e5 s\u00e4tt att undvika s\u00f6mnst\u00f6rningar p\u00e5 natten och visar hur man kan somna p\u00e5 ett effektivt s\u00e4tt.<\/p>\n<p>Jag har periodvis testat en app till telefonen (<a title=\"SleepCycle\" href=\"http:\/\/www.sleepcycle.com\/\" target=\"_blank\">SleepCycle<\/a> f\u00f6r iPhone) f\u00f6r att h\u00e5lla koll p\u00e5 mina s\u00f6mncykler under natten. Den ger mig bra uppf\u00f6ljning om hur jag sover och hur mycket s\u00f6mn jag f\u00e5r. Jag verkar ligga p\u00e5 den r\u00e4tta sidan. Hur sover du?<\/p>\n<p><a href=\"https:\/\/www.petera.se\/blog\/wp-content\/uploads\/2012\/01\/SleepCycle.png\"><img decoding=\"async\" class=\"aligncenter size-full wp-image-2323\" title=\"SleepCycle\" src=\"https:\/\/www.petera.se\/blog\/wp-content\/uploads\/2012\/01\/SleepCycle.png\" alt=\"\" width=\"320\" height=\"480\" srcset=\"https:\/\/www.petera.se\/blog\/wp-content\/uploads\/2012\/01\/SleepCycle.png 640w, https:\/\/www.petera.se\/blog\/wp-content\/uploads\/2012\/01\/SleepCycle-200x300.png 200w\" sizes=\"(max-width: 320px) 100vw, 320px\" \/><\/a><\/p>\n","protected":false},"excerpt":{"rendered":"<p>Nu \u00e4r helgerna slut och f\u00f6rhoppningsvis har du sovit ut efter h\u00f6stens arbete. Men om du ska lova dig ett enda ny\u00e5rsl\u00f6fte, l\u00e5t det vara prioriteringen av god s\u00f6mn s\u00e5 undviker du sjukdomar och d\u00e5ligt hum\u00f6r. L\u00e4s inte Facebook i s\u00e4ngen innan du somnar. Anv\u00e4nd telefonen f\u00f6r att f\u00f6lja dina s\u00f6mncykler ist\u00e4llet ;)<\/p>\n","protected":false},"author":2,"featured_media":0,"comment_status":"open","ping_status":"open","sticky":false,"template":"","format":"standard","meta":{"ngg_post_thumbnail":0,"footnotes":""},"categories":[4,5],"tags":[1078,68,690,93],"class_list":["post-2321","post","type-post","status-publish","format-standard","hentry","category-manniskor","category-om-mig","tag-nyarslofte","tag-sjukdom","tag-somn","tag-vanor"],"aioseo_notices":[],"_links":{"self":[{"href":"https:\/\/www.petera.se\/blog\/wp-json\/wp\/v2\/posts\/2321","targetHints":{"allow":["GET"]}}],"collection":[{"href":"https:\/\/www.petera.se\/blog\/wp-json\/wp\/v2\/posts"}],"about":[{"href":"https:\/\/www.petera.se\/blog\/wp-json\/wp\/v2\/types\/post"}],"author":[{"embeddable":true,"href":"https:\/\/www.petera.se\/blog\/wp-json\/wp\/v2\/users\/2"}],"replies":[{"embeddable":true,"href":"https:\/\/www.petera.se\/blog\/wp-json\/wp\/v2\/comments?post=2321"}],"version-history":[{"count":9,"href":"https:\/\/www.petera.se\/blog\/wp-json\/wp\/v2\/posts\/2321\/revisions"}],"predecessor-version":[{"id":2334,"href":"https:\/\/www.petera.se\/blog\/wp-json\/wp\/v2\/posts\/2321\/revisions\/2334"}],"wp:attachment":[{"href":"https:\/\/www.petera.se\/blog\/wp-json\/wp\/v2\/media?parent=2321"}],"wp:term":[{"taxonomy":"category","embeddable":true,"href":"https:\/\/www.petera.se\/blog\/wp-json\/wp\/v2\/categories?post=2321"},{"taxonomy":"post_tag","embeddable":true,"href":"https:\/\/www.petera.se\/blog\/wp-json\/wp\/v2\/tags?post=2321"}],"curies":[{"name":"wp","href":"https:\/\/api.w.org\/{rel}","templated":true}]}}