{"id":2396,"date":"2012-11-15T06:36:22","date_gmt":"2012-11-15T04:36:22","guid":{"rendered":"http:\/\/www.petera.se\/blog\/?p=2396"},"modified":"2012-11-12T00:37:15","modified_gmt":"2012-11-11T22:37:15","slug":"ken-wilbers-kvadrant-integral-theory","status":"publish","type":"post","link":"https:\/\/www.petera.se\/blog\/ken-wilbers-kvadrant-integral-theory","title":{"rendered":"Ken Wilbers kvadrant &#8211; Integral Theory"},"content":{"rendered":"<p><a href=\"http:\/\/clk.tradedoubler.com\/click?p=362&amp;a=2053184&amp;g=17415644&amp;url=http:\/\/www.bokus.com\/bok\/9781570627408\/\" target=\"_blank\"><img decoding=\"async\" class=\"alignleft size-full wp-image-2398\" title=\"a-brief-history-of-everything\" src=\"https:\/\/www.petera.se\/blog\/wp-content\/uploads\/2012\/04\/a-brief-history-of-everything.jpeg\" alt=\"\" width=\"70\" height=\"108\" \/><\/a><script type=\"text\/javascript\">\/\/ <![CDATA[\nvar uri = 'http:\/\/impse.tradedoubler.com\/imp?type(inv)g(17415644)a(2053184)' + new String (Math.random()).substring (2, 11);\ndocument.write('<img decoding=\"async\" src=\"'+uri +'\">');\n\/\/ ]]><\/script>I ett tidigare inl\u00e4gg som handlade om <a title=\"Frukostprogram i The Human Element\" href=\"https:\/\/www.petera.se\/blog\/frukostprogram-i-the-human-element\">Frukostprogram i The Human Element<\/a> h\u00e4nvisade jag till Wilbers kvadrant och ber\u00e4ttade att vi anv\u00e4nder den f\u00f6r att underl\u00e4tta f\u00f6rst\u00e5elsen f\u00f6r teori och metodik n\u00e4r vi k\u00f6r program inom Human Element. Nu har jag i dagarna kommit hem fr\u00e5n en helg p\u00e5 Skepparholmen d\u00e4r vi k\u00f6rt ett internt fyra-dagars-program f\u00f6r kollegor p\u00e5 Frontwalker. Vi anv\u00e4nde Wilbers kvadrant i inledningen och sedan fick den h\u00e4nga kvar p\u00e5 v\u00e4ggen som en referens och en p\u00e5minnelse om ett anv\u00e4ndbart f\u00f6rh\u00e5llningss\u00e4tt.<\/p>\n<p>Jag lever ett liv pr\u00e4glat av tv\u00e5 kognitiva egenskaper. Den f\u00f6rsta ligger i min <a title=\"peterA.se - Gr\u00e4nsen mellan galen och geni\" href=\"https:\/\/www.petera.se\/blog\/gransen-mellan-galen-och-geni\">schizotypa personlighet<\/a> som g\u00f6r att jag kommer p\u00e5 r\u00e4tt m\u00e4rkliga id\u00e9er och f\u00e5r r\u00e4tt skumma bilder i huvudet n\u00e4r jag associerar. Den andra \u00e4r att jag tv\u00e5ngsm\u00e4ssigt alltid ser den andra sidan av alla mynt jag kommer i kontakt med. Jag kan inte l\u00e5ta bli att fundera \u00f6ver &#8221;<em>hur skulle det vara om det inte var som det \u00e4r?<\/em>&#8221; och ju starkare en sanning \u00e4r, desto mer \u00f6vertygad blir jag om att det finns ett alternativt perspektiv. B\u00e5da dessa \u00e4r enorma styrkor och jag anv\u00e4nder dem ofta, men ibland blir de svagheter eftersom jag ibland beh\u00f6ver vara konkret och oassociativ, och vara kvar i en \u00f6verenskommen uppfattning om sakers natur.<\/p>\n<p>Men mellan varven st\u00f6ter jag p\u00e5 insikter eller modeller som hj\u00e4lper mig att hitta just nya perspektiv som tillfredsst\u00e4ller b\u00e5de mina associativa behov av nyt\u00e4nkande och min \u00f6nskan att kunna vara konkret och tydlig i min kommunikation med andra m\u00e4nniskor. En av de mest kraftfulla, bortsett fr\u00e5n min egen <a title=\"Verktyg-Process-Kultur\" href=\"https:\/\/www.petera.se\/blog\/jag-fick-en-msn-fraga\" target=\"_blank\">oskrivna Verktyg-Process-Kultur<\/a>, \u00e4r Wilbers kvadrant. Den \u00e4r en del av hans teorier kring <a title=\"Wikipedia: Ken Wilber AQAL\" href=\"http:\/\/en.wikipedia.org\/wiki\/Ken_Wilber#AQAL:_.22All_Quadrants_All_Levels.22\" target=\"_blank\"><em>AQAL: All quadrants, all levels<\/em><\/a> som \u00e4r v\u00e4ldigt kraftfulla att reflektera kring, och att kategorisera tankar, id\u00e9er och problem med. Jag l\u00e4ste en hel del p\u00e5 webben, men b\u00f6rjade sedan att l\u00e4sa Ken Wilbers <a href=\"http:\/\/clk.tradedoubler.com\/click?p=362&amp;a=2053184&amp;g=17415644&amp;url=http:\/\/www.bokus.com\/bok\/9781570627408\/\" target=\"_blank\">A Brief History of Everything<\/a><script type=\"text\/javascript\">\/\/ <![CDATA[\nvar uri = 'http:\/\/impse.tradedoubler.com\/imp?type(inv)g(17415644)a(2053184)' + new String (Math.random()).substring (2, 11);\ndocument.write('<img decoding=\"async\" src=\"'+uri +'\">');\n\/\/ ]]><\/script>. D\u00e4r g\u00e5r han metodiskt tillv\u00e4ga och ber\u00e4ttar om sitt s\u00f6kande efter en teori som kan f\u00f6rklara all annan teoribildning om hur tingen ter sig, om hur v\u00e4rlden \u00e4r. Hans metateori gick till en b\u00f6rjan inte att sammanst\u00e4lla f\u00f6r den spretade, och hela tiden poppade det upp ett p\u00e4ron bland de tydligt strukturerade \u00e4pplena i hans metamodeller. Det var inte f\u00f6rr\u00e4n han skapade de tv\u00e5 axlarna &#8211; IN och UT &#8211; samt &#8211; Singular och Plural &#8211; som det blev ordning i hans m\u00f6nster. I dessa kunde han nu f\u00f6ra in psykoanalys, religion, filosofi, kognition, fysik osv. och de h\u00e4ngde ihop. F\u00f6r mig blev det en revolution.<\/p>\n<p><img decoding=\"async\" class=\"aligncenter\" title=\"Wilbers Kvadrant\" src=\"https:\/\/www.petera.se\/blog\/wp-content\/uploads\/2012\/04\/Wilber-aqal.jpg\" alt=\"Wilbers Kvadrant\" \/><\/p>\n<p>Enligt Wilber s\u00e5 har allting en insida och en utsida. Utsidan kan vi se, observera och m\u00e4ta med v\u00e5r perception och med empiriska studier. Insidan \u00e4r g\u00f6md och kr\u00e4ver andra processer f\u00f6r att uppt\u00e4cka eller uppleva. Dessutom s\u00e5 delas kvadranten i ett enkelt och i ett multipelt perspektiv. Det enkla perspektivet beskriver en f\u00f6rekomst av b\u00e4rare av inre och yttre egenskaper, och det multipla perspektivet beskriver dessa egenskaper hos en samling f\u00f6rekomster. Det \u00e4r viktigt att f\u00f6rst\u00e5 att det handlar om emergens och inte bara en uppr\u00e4kning av egenskaperna hos alla individuella delarna av denna grupp. En myrstack till exempel har inte yttre egenskaper i form av miljoner g\u00e5nger ett barrs egenskaper, utan beskrivs antagligen ist\u00e4llet med h\u00f6jd, bredd, djup under marken, \u00e5lder osv. S\u00e5dant som beskriver systemet och inte de enskilda och ing\u00e5ende delarna.<\/p>\n<p>Mina studier i kognition hade f\u00f6rt med sig ett intresse f\u00f6r neurovetenskap, vilket till stor del \u00e4r en empiriskt objektiv vetenskap d\u00e4r vi studerar hj\u00e4rnan och dess biologiska och kemiska processer. Det var ett \u00e4mne som hamnade p\u00e5 den objektiva utsidan hos den enskilda individen. Men jag studerade ju kognition och de inre tanke- och k\u00e4nsloprocesserna som drivs av dessa neurala processer, och det hamnade nu p\u00e5 insidan hos den enskilde. Den sociologi som jag pluggat handlade om drivkrafter och m\u00f6nster i samh\u00e4llen och organisationer som landar p\u00e5 insidan i gruppdimensionen, men att de effekter och observerbara fenomen som beskrivs \u00e5terfinns p\u00e5 utsidan. N\u00e4r jag st\u00f6tte p\u00e5 The Human Element och utbildade mig som handledare ins\u00e5g jag pl\u00f6tsligt att konceptet och metodiken handlade om de inre delarna hos b\u00e5de individ och grupp, men att v\u00e5ra program startar i beteendet som g\u00e5r att observera p\u00e5 utsidan av dessa b\u00e5da systemniv\u00e5er och fokuserar p\u00e5 \u00f6ppenhet som \u00e4r medlet att knyta ihop insidan med utsidan.<\/p>\n<p style=\"text-align: center;\"><a href=\"https:\/\/www.petera.se\/blog\/wp-content\/uploads\/2012\/11\/THE-logo.gif\"><img decoding=\"async\" class=\"size-full wp-image-2584 aligncenter\" title=\"The Human Element\" src=\"https:\/\/www.petera.se\/blog\/wp-content\/uploads\/2012\/11\/THE-logo.gif\" alt=\"The Human Element\" width=\"128\" height=\"69\" \/><\/a><\/p>\n<p>N\u00e4r vi jobbar med The Human Element blir insidan och utsidan intressanta att f\u00f6rh\u00e5lla sig till eftersom vi \u00e4r intresserade av att l\u00e4ra oss mer om hur vi fungerar, och varf\u00f6r vi beter oss som vi g\u00f6r. Insidans k\u00e4nslor, r\u00e4dslor, ambitioner, sj\u00e4lvk\u00e4nsla och vanor p\u00e5verkar v\u00e5rt yttre beteende som andra m\u00e4nniskor kan observera och drabbas av. M\u00e5nga av oss \u00e4r dessutom formade s\u00e5 att vi s\u00e4tter ett stort v\u00e4rde p\u00e5 yttre leveranser, ist\u00e4llet f\u00f6r inre kvalit\u00e9er och v\u00e4rden. M\u00e5nga organisationer har dessutom med sig detta som kulturella egenskaper vilket f\u00f6rst\u00e4rker den individuella tron p\u00e5 yttre leverans. Arbetsg\u00e5ngen \u00e4r att observera och samtala om beteendet, g\u00e5 vidare in i k\u00e4nslan i relation till andra m\u00e4nniskor f\u00f6r att forts\u00e4tta till k\u00e4nslan inf\u00f6r mig sj\u00e4lv. Dessa tre h\u00e4nger ihop och kan visualiseras i Wilbers kvadrant p\u00e5 ett tydligt s\u00e4tt. Dessutom blir gruppen en viktig ingrediens eftersom individens utveckling f\u00e5r n\u00e4ring av gruppens \u00e5terkoppling p\u00e5 observerat beteende, och de sammanhang som kan skapas f\u00f6r att individen ska kunna studera och utforska sig sj\u00e4lv.<\/p>\n<p>Ett annat anv\u00e4ndningsomr\u00e5de \u00e4r n\u00e4r vi anv\u00e4nder kvadranten f\u00f6r att kategorisera tankar, id\u00e9er, m\u00e5l, problem eller andra moj\u00e4nger. Min upplevelse \u00e4r att vi tenderar att befinna oss p\u00e5 utsidan i m\u00e5nga fall. En analys av bristande effektivitet i en organisation beskriver f\u00f6r otydliga processer, f\u00f6r kortfattade rollbeskrivningar, f\u00f6r stora enheter i organisationen, f\u00f6r svag utbildning osv. Mer s\u00e4llan pekas det p\u00e5 brister i gemensam f\u00f6rst\u00e5else, ledarskap, samarbete, relationer och f\u00f6rtroende &#8211; \u00e4ven om det enligt min mening \u00e4r dessa som st\u00e4ller till med merparten av v\u00e5ra problem i v\u00e5ra verksamheter. Innan vi kan b\u00f6rja arbeta med den m\u00e4nskliga sidan av organisationen beh\u00f6ver vi kunna visa p\u00e5 dessa behov och d\u00e4r kommer kvadranten v\u00e4l till pass. Genom att placera problem, m\u00e5l, id\u00e9er, risker &#8211; eller det vi nu arbetar med &#8211; i kvadrantens fyra rutor kan vi se var har luckor som beh\u00f6ver kompletteras. Det ger ett mycket tydligare underlag till en \u00f6kad f\u00f6rst\u00e5else och till diskussioner och planering av det fortsatta arbetet.<\/p>\n<p>Det finns m\u00e5nga fler omr\u00e5den d\u00e4r vi kan anv\u00e4nda kvadranten. Tipsa g\u00e4rna om den nytta du har haft&#8230;<\/p>\n<p>L\u00e4s mer p\u00e5 Ken Wilbers hemsida om <a title=\"Integral Theory -.Integral Life\" href=\"http:\/\/integrallife.com\/\" target=\"_blank\">Integral Theory &#8211; Integral Life<\/a>.<\/p>\n","protected":false},"excerpt":{"rendered":"<p>I ett tidigare inl\u00e4gg som handlade om Frukostprogram i The Human Element h\u00e4nvisade jag till Wilbers kvadrant och ber\u00e4ttade att vi anv\u00e4nder den f\u00f6r att underl\u00e4tta f\u00f6rst\u00e5elsen f\u00f6r teori och metodik n\u00e4r vi k\u00f6r program inom Human Element. Nu har jag i dagarna kommit hem fr\u00e5n en helg p\u00e5 Skepparholmen d\u00e4r vi k\u00f6rt ett internt&hellip;<\/p>\n","protected":false},"author":2,"featured_media":0,"comment_status":"open","ping_status":"open","sticky":false,"template":"","format":"standard","meta":{"ngg_post_thumbnail":0,"footnotes":""},"categories":[6,4],"tags":[1157,1113,1098,1099,1112,1051,1114],"class_list":["post-2396","post","type-post","status-publish","format-standard","hentry","category-bocker","category-manniskor","tag-emergens","tag-insida","tag-integral-theory","tag-ken-wilber","tag-kvadrant","tag-the-human-element","tag-utsida"],"aioseo_notices":[],"_links":{"self":[{"href":"https:\/\/www.petera.se\/blog\/wp-json\/wp\/v2\/posts\/2396","targetHints":{"allow":["GET"]}}],"collection":[{"href":"https:\/\/www.petera.se\/blog\/wp-json\/wp\/v2\/posts"}],"about":[{"href":"https:\/\/www.petera.se\/blog\/wp-json\/wp\/v2\/types\/post"}],"author":[{"embeddable":true,"href":"https:\/\/www.petera.se\/blog\/wp-json\/wp\/v2\/users\/2"}],"replies":[{"embeddable":true,"href":"https:\/\/www.petera.se\/blog\/wp-json\/wp\/v2\/comments?post=2396"}],"version-history":[{"count":11,"href":"https:\/\/www.petera.se\/blog\/wp-json\/wp\/v2\/posts\/2396\/revisions"}],"predecessor-version":[{"id":2587,"href":"https:\/\/www.petera.se\/blog\/wp-json\/wp\/v2\/posts\/2396\/revisions\/2587"}],"wp:attachment":[{"href":"https:\/\/www.petera.se\/blog\/wp-json\/wp\/v2\/media?parent=2396"}],"wp:term":[{"taxonomy":"category","embeddable":true,"href":"https:\/\/www.petera.se\/blog\/wp-json\/wp\/v2\/categories?post=2396"},{"taxonomy":"post_tag","embeddable":true,"href":"https:\/\/www.petera.se\/blog\/wp-json\/wp\/v2\/tags?post=2396"}],"curies":[{"name":"wp","href":"https:\/\/api.w.org\/{rel}","templated":true}]}}