{"id":2403,"date":"2012-04-20T08:55:01","date_gmt":"2012-04-20T06:55:01","guid":{"rendered":"http:\/\/www.petera.se\/blog\/?p=2403"},"modified":"2012-04-20T08:55:01","modified_gmt":"2012-04-20T06:55:01","slug":"sm-guld","status":"publish","type":"post","link":"https:\/\/www.petera.se\/blog\/sm-guld","title":{"rendered":"SM-Guld"},"content":{"rendered":"<p><a href=\"https:\/\/www.petera.se\/blog\/wp-content\/uploads\/2012\/04\/GULD-KUB.jpg\"><img decoding=\"async\" class=\"aligncenter size-full wp-image-2404\" title=\"GULD KUB\" src=\"https:\/\/www.petera.se\/blog\/wp-content\/uploads\/2012\/04\/GULD-KUB.jpg\" alt=\"\" width=\"512\" height=\"288\" srcset=\"https:\/\/www.petera.se\/blog\/wp-content\/uploads\/2012\/04\/GULD-KUB.jpg 1024w, https:\/\/www.petera.se\/blog\/wp-content\/uploads\/2012\/04\/GULD-KUB-300x168.jpg 300w\" sizes=\"(max-width: 512px) 100vw, 512px\" \/><\/a><\/p>\n<p>\u00c4ntligen blev det klart med guldet till Bryn\u00e4s IF! Efter en stark s\u00e4song och ett fantastiskt slutspel kom vi till v\u00e4gs \u00e4nde ig\u00e5r och guldet s\u00e4krades :) Sk\u00f6nt ocks\u00e5 f\u00f6r <a title=\"Jakob SIlfverberg\" href=\"http:\/\/sv.wikipedia.org\/wiki\/Jakob_Silfverberg\" target=\"_blank\">Jakob Silfverberg<\/a> att f\u00e5 d\u00e4nga dit ett av de avg\u00f6rande m\u00e5len. Jag h\u00e4ngde i Gavlerinken som liten knodd och f\u00f6ljde laget p\u00e5 sjuttiotalet. Av Jakobs pappa, <a title=\"Jan-Erik Silfverberg\" href=\"http:\/\/sv.wikipedia.org\/wiki\/Jan-Erik_Silfverberg\" target=\"_blank\">Jan-Erik Silfverberg<\/a> med nummer 3 p\u00e5 ryggen, fick jag klubbor fr\u00e5n b\u00e5de klubblag och landslag. D\u00e4r grundlades en stor k\u00e4rlek till Bryn\u00e4s IF som h\u00e5ller i sig \u00e4n!<\/p>\n<p>L\u00e4s mer p\u00e5 <a title=\"Bryn\u00e4s IF - SM-Guld\" href=\"http:\/\/brynas.se\/Nyheter\/Brynas-IF---Skelleftea-AIK5\/\" target=\"_blank\">Bryn\u00e4s IF &#8211; Nyheter &#8211; SM-Guld<\/a>.<\/p>\n<p>&nbsp;<\/p>\n","protected":false},"excerpt":{"rendered":"<p>\u00c4ntligen blev det klart med guldet till Bryn\u00e4s IF! Efter en stark s\u00e4song och ett fantastiskt slutspel kom vi till v\u00e4gs \u00e4nde ig\u00e5r och guldet s\u00e4krades :) Sk\u00f6nt ocks\u00e5 f\u00f6r Jakob Silfverberg att f\u00e5 d\u00e4nga dit ett av de avg\u00f6rande m\u00e5len. Jag h\u00e4ngde i Gavlerinken som liten knodd och f\u00f6ljde laget p\u00e5 sjuttiotalet. Av Jakobs&hellip;<\/p>\n","protected":false},"author":2,"featured_media":0,"comment_status":"open","ping_status":"open","sticky":false,"template":"","format":"standard","meta":{"ngg_post_thumbnail":0,"footnotes":""},"categories":[5],"tags":[150,1100,293,1101,1102],"class_list":["post-2403","post","type-post","status-publish","format-standard","hentry","category-om-mig","tag-brynas","tag-guld","tag-ishockey","tag-jakob-silfverberg","tag-jan-erik-silfverberg"],"aioseo_notices":[],"_links":{"self":[{"href":"https:\/\/www.petera.se\/blog\/wp-json\/wp\/v2\/posts\/2403","targetHints":{"allow":["GET"]}}],"collection":[{"href":"https:\/\/www.petera.se\/blog\/wp-json\/wp\/v2\/posts"}],"about":[{"href":"https:\/\/www.petera.se\/blog\/wp-json\/wp\/v2\/types\/post"}],"author":[{"embeddable":true,"href":"https:\/\/www.petera.se\/blog\/wp-json\/wp\/v2\/users\/2"}],"replies":[{"embeddable":true,"href":"https:\/\/www.petera.se\/blog\/wp-json\/wp\/v2\/comments?post=2403"}],"version-history":[{"count":3,"href":"https:\/\/www.petera.se\/blog\/wp-json\/wp\/v2\/posts\/2403\/revisions"}],"predecessor-version":[{"id":2407,"href":"https:\/\/www.petera.se\/blog\/wp-json\/wp\/v2\/posts\/2403\/revisions\/2407"}],"wp:attachment":[{"href":"https:\/\/www.petera.se\/blog\/wp-json\/wp\/v2\/media?parent=2403"}],"wp:term":[{"taxonomy":"category","embeddable":true,"href":"https:\/\/www.petera.se\/blog\/wp-json\/wp\/v2\/categories?post=2403"},{"taxonomy":"post_tag","embeddable":true,"href":"https:\/\/www.petera.se\/blog\/wp-json\/wp\/v2\/tags?post=2403"}],"curies":[{"name":"wp","href":"https:\/\/api.w.org\/{rel}","templated":true}]}}