{"id":241,"date":"2008-09-08T22:29:58","date_gmt":"2008-09-08T20:29:58","guid":{"rendered":"http:\/\/www.petera.se\/blog\/?p=241"},"modified":"2008-09-08T22:29:58","modified_gmt":"2008-09-08T20:29:58","slug":"sociologi-pa-allvar","status":"publish","type":"post","link":"https:\/\/www.petera.se\/blog\/sociologi-pa-allvar","title":{"rendered":"Sociologi p\u00e5 allvar!"},"content":{"rendered":"<p>Som om inte allt annat var nog :) I det \u00f6ppna\u00a0kontorslandskapet h\u00f6rdes en kommentar f\u00f6rra veckan &#8221;<em>Jag fattar inte hur dom hinner, dom som bloggar s\u00e5 mycket?<\/em>&#8221; ;) Jag fick en sneglig blick fr\u00e5n en bloggande kollega innan vi b\u00e5da brast ut i asgarv, snacka om att h\u00f6ra n\u00e5gon kasta sten i mitt glashus&#8230;<\/p>\n<p>Men, eftersom jag inte har s\u00e5 mycket att g\u00f6ra s\u00e5 har jag lagt upp en sida med mitt material fr\u00e5n sociologiutbildningen. Det \u00e4r mest till f\u00f6r mig sj\u00e4lv att ha ett st\u00e4lle att lagra grejerna p\u00e5, fritt att komma \u00e5t och redigera fr\u00e5n var\u00e4n jag \u00e4r i v\u00e4rlden :) Men eftersom jag \u00e4r lite av en bekr\u00e4ftelseknarkare s\u00e5 \u00e4r det dessutom fritt att l\u00e4sa, anv\u00e4nda\u00a0och kommentera det som finns d\u00e4r. Eftersom sidan heter Sociologi Gr (A) kan man lockas att tro att det kommer en B-kurs och en C-kurs, och det \u00e4r v\u00e4l helt r\u00e4tt :) \u00e4ven om jag idag inte vet om det \u00e4r n\u00e5got som funkar eller som jag \u00e4r intresserad av&#8230;vi f\u00e5r v\u00e4l se.<\/p>\n<p>L\u00e4s mer p\u00e5 sidan <a title=\"Sociologi Gr (A)\" href=\"https:\/\/www.petera.se\/blog\/sociologi-gr-a-2008\" target=\"_self\">Sociologi Gr (A)<\/a> :)<\/p>\n","protected":false},"excerpt":{"rendered":"<p>Som om inte allt annat var nog :) I det \u00f6ppna\u00a0kontorslandskapet h\u00f6rdes en kommentar f\u00f6rra veckan &#8221;Jag fattar inte hur dom hinner, dom som bloggar s\u00e5 mycket?&#8221; ;) Jag fick en sneglig blick fr\u00e5n en bloggande kollega innan vi b\u00e5da brast ut i asgarv, snacka om att h\u00f6ra n\u00e5gon kasta sten i mitt glashus&#8230; Men,&hellip;<\/p>\n","protected":false},"author":2,"featured_media":0,"comment_status":"open","ping_status":"open","sticky":false,"template":"","format":"standard","meta":{"ngg_post_thumbnail":0,"footnotes":""},"categories":[51,5],"tags":[153,280],"class_list":["post-241","post","type-post","status-publish","format-standard","hentry","category-blogg","category-om-mig","tag-mittuniversitetet","tag-sociologi-gr-a"],"aioseo_notices":[],"_links":{"self":[{"href":"https:\/\/www.petera.se\/blog\/wp-json\/wp\/v2\/posts\/241","targetHints":{"allow":["GET"]}}],"collection":[{"href":"https:\/\/www.petera.se\/blog\/wp-json\/wp\/v2\/posts"}],"about":[{"href":"https:\/\/www.petera.se\/blog\/wp-json\/wp\/v2\/types\/post"}],"author":[{"embeddable":true,"href":"https:\/\/www.petera.se\/blog\/wp-json\/wp\/v2\/users\/2"}],"replies":[{"embeddable":true,"href":"https:\/\/www.petera.se\/blog\/wp-json\/wp\/v2\/comments?post=241"}],"version-history":[{"count":1,"href":"https:\/\/www.petera.se\/blog\/wp-json\/wp\/v2\/posts\/241\/revisions"}],"predecessor-version":[{"id":242,"href":"https:\/\/www.petera.se\/blog\/wp-json\/wp\/v2\/posts\/241\/revisions\/242"}],"wp:attachment":[{"href":"https:\/\/www.petera.se\/blog\/wp-json\/wp\/v2\/media?parent=241"}],"wp:term":[{"taxonomy":"category","embeddable":true,"href":"https:\/\/www.petera.se\/blog\/wp-json\/wp\/v2\/categories?post=241"},{"taxonomy":"post_tag","embeddable":true,"href":"https:\/\/www.petera.se\/blog\/wp-json\/wp\/v2\/tags?post=241"}],"curies":[{"name":"wp","href":"https:\/\/api.w.org\/{rel}","templated":true}]}}