{"id":25,"date":"2008-01-19T16:41:00","date_gmt":"2008-01-19T15:41:00","guid":{"rendered":"http:\/\/www.petera.se\/blog\/?p=25"},"modified":"2008-01-19T16:41:00","modified_gmt":"2008-01-19T15:41:00","slug":"intresse-for-sin-omvarld","status":"publish","type":"post","link":"https:\/\/www.petera.se\/blog\/intresse-for-sin-omvarld","title":{"rendered":"Intresse f\u00f6r sin omv\u00e4rld"},"content":{"rendered":"<div>Sitter och lyssnar till Rammstein som g\u00f6r Depeches &quot;Stripped&quot;\u00a0p\u00e5 ett Tribute-album. Bisarrt! Och bisarrt \u00e4r ocks\u00e5 att jag s\u00e5g rubrikerna i kv\u00e4llspressen i veckan (k\u00f6per ju inte tidningen men ser rubrikerna i mobilen ;) som ber\u00e4ttade om Tito som kollapsat och hans fru som trodde att han skulle d\u00f6. Hur i hela helvete kommer det sig att det \u00e4r de viktigaste rubrikerna i Sverige under v3? Vad \u00e4r det som g\u00f6r att redakt\u00f6rer p\u00e5 de st\u00f6rsta tidningarna i Sverige sm\u00e4ller upp en \u00e5talad och under r\u00e4tteg\u00e5ng kollapsad k\u00e4ndis ist\u00e4llet f\u00f6r att ber\u00e4tta om det som \u00e4r viktigare!? &quot;Ytterligare ett barn har farit illa&quot;, &quot;\u00e4nnu en kvinna som ofredats&quot; eller &quot;fler bitar or\u00f6rd mark som n\u00e5n ok\u00e4nslig profithaj borrat upp f\u00f6r olja eller huggit ner f\u00f6r massaved&quot;. Och det \u00e4r bara n\u00e5gra tips p\u00e5 rubriker som borde f\u00e5 oss att t\u00e4nka till.\u00a0<\/div>\n<div> <\/div>\n<div>(h\u00e4r \u00e4r en styckeseparerande rad f\u00f6r att underl\u00e4tta l\u00e4sningen &#8211; tack till en av l\u00e4sarna till denna privat dagboksorienterad blogg ;)<\/div>\n<div> <\/div>\n<div>Det \u00e4r ju s\u00e5 att\u00a0tidningarna knappast skulle g\u00f6ra dessa rubriker om inte vi puckade svenska mentalfall k\u00f6pte\u00a0tidningarna!\u00a0F\u00f6r det g\u00f6r vi ju, ja inte jag allts\u00e5\u00a0utan alla andra. Och det \u00e4r ju snaskigare rubriker som s\u00e4ljer. Ju snaskigare och mer utl\u00e4mnande desto mer l\u00f6snummer och desto mer pengar till tidnings\u00e4garna. <\/div>\n<div>Det finns inget s\u00e4ljbart f\u00f6r den breda massan som g\u00e5r ut p\u00e5 att visa or\u00e4ttvisor, problem och utmaningar som vi alla medborgare skulle beh\u00f6va s\u00e4tta oss in i och engagera oss i f\u00f6r att l\u00f6sa. Det finns ju massor av skit b\u00e5de i Granlo, i Sundsvall, i Sverige och resten av v\u00e4rlden. Men det vill vi inte veta om, utan vi vill veta vem som l\u00e5g med vem, och vem som kollapsar av vad, och vad vi ska ha p\u00e5 oss och vart vi ska \u00e5ka i \u00e5r och vilken bil vi ska ha. <\/div>\n<div>Jag kan dock f\u00f6rst\u00e5 det till viss del, att det \u00e4r jobbigt att f\u00e5 h\u00f6ra om or\u00e4ttvisor i v\u00e4rlden n\u00e4r det \u00e4r sv\u00e5rt att g\u00f6ra n\u00e5got \u00e5t det direkt. Endast indirekt genom protester och uppmaningar till de\u00a0egenm\u00e4ktiga eller folkvalda regeringarna kan jag f\u00e5 ett land att sluta v\u00e5ldta kvinnor och barn. Genom att sk\u00e4nka pengar kan jag hj\u00e4lpa barn att bli vaccinerade och f\u00e5 tillg\u00e5ng till sjukv\u00e5rd. <\/div>\n<div>Jag kr\u00e4ver inte att varje svensk ska \u00e5ka iv\u00e4g och praktiskt g\u00f6ra nytta p\u00e5 st\u00e4llen d\u00e4r det g\u00f6r ont. Utan hoppas att vi kan bli mer intresserade av \u00e4mnet, men okej, jag f\u00f6rst\u00e5r att det kan vara ett hinder. Att l\u00e4sa om andra som har det jobbigt, s\u00e5na som jag inte k\u00e4nner, som ingen av de jag k\u00e4nner k\u00e4nner, och som \u00e4r l\u00e5ngt fr\u00e5n min del av v\u00e4rlden, visst det \u00e4r kanske inte s\u00e5 attraktivt att l\u00e4sa om. Det \u00e4r nog s\u00e5&#8230;tyv\u00e4rr&#8230;<\/div>\n<div> <\/div>\n<div>Men v\u00e4lkommen, vi missar en massa annat ocks\u00e5 n\u00e4r vi badar i den \u00e4ckliga nyhetssoppan vi erbjuds idag! Jag\u00a0vill bara ber\u00e4tta en sak, att det kommer att g\u00e5 helt \u00e5t pipsv\u00e4ngen om vi inte g\u00f6r n\u00e5t \u00e5t v\u00e5rt land och v\u00e5r bedr\u00f6vliga mentalitet d\u00e4r vi g\u00f6mmer oss bakom sjukskrivningar och snack om arbetsl\u00f6shet. Ute i v\u00e4rlden, utanf\u00f6r de skyddade gr\u00e4nser vi skyddar oss bakom, d\u00e4r finns det m\u00e4nniskor som vill mer, som kan mer och som har mer att vinna p\u00e5 att utmana oss om framg\u00e5ngen och samh\u00e4llsstandarden. Och det \u00e4r ju s\u00e5 att de skiter fullst\u00e4ndigt i om vi v\u00e4rnar om 6-timmarsdagar eller den anst\u00e4lldes r\u00e4tt till medbest\u00e4mmande eller minimil\u00f6ner som baseras p\u00e5 villa, dyr bil och sommarhus, f\u00f6r att inte tala om den flashiga platt-tvn som \u00e4r ett m\u00e5ste i varje svensks hem! <\/div>\n<div>Var \u00e4r intresset f\u00f6r dessa nyheter? Var \u00e4r rubriken som s\u00e4ger &quot;Svensson, t\u00e4nk om!&quot; eller &quot;Svensson heter numer Karim och bor i Bombay&quot; och kanske &quot;Slummen breder ut sig i Enk\u00f6ping&quot;. D\u00e4r \u00e4r ju solklara \u00e4mnen som borde kunna vara h\u00f6gt upp p\u00e5 samtalslistan i fikarummet! Hur g\u00e5r det f\u00f6r oss och v\u00e5ra jobb och v\u00e5rt land? Men ack nej, om detta tigs det tyst. <\/div>\n<div>Vi lever i en v\u00e4l regisserad teaterpj\u00e4s d\u00e4r vi inte vet slutet. Vi uppr\u00f6rs av de lettiska byggarbetarna som \u00e4r duktigare snickare\u00a0som levererar\u00a0b\u00e4ttre finish, som hamrar f\u00f6rsta spiken 07.00 och som jobbar till 16.00 d\u00e5 de g\u00e5r in f\u00f6r att \u00e4ta middag och sen g\u00e5 ut ett par timmar till, och som dessutom tar mindre betalt. \u00c4n vi svenskar. Och vi blir arg p\u00e5 dom f\u00f6r att dom snor v\u00e5ra jobb! Men det s\u00e4ger vi inte. Vi s\u00e4ger att vi m\u00e5ste anv\u00e4nda blockad och lockout f\u00f6r att s\u00e4kra dessa m\u00e4nniskors egna r\u00e4ttigheter, och deras s\u00e4kerhet. Att de g\u00e4rna jobbar 10 timmar om dan, och vill vara yrkesstolta \u00f6ver det fina resultatet och det goda beteendet &#8211; det missar vi! <\/div>\n<div>Men visst ska vi se till att de inte behandlas illa, job trafficing \u00e4r inte n\u00e5gon vacker historia s\u00e5 det finns gr\u00e4nser f\u00f6r allt s\u00e5klart. <\/div>\n<div> <\/div>\n<div>Och, visst, ska jag reflektera ett sn\u00e4pp h\u00f6gre,\u00a0vem \u00e4r d\u00e5 jag att diktera villkoren? Vad \u00e4r det som s\u00e4ger att jag har r\u00e4tt, att alla andra har fel? S\u00e4g det, ett \u00e4mne att fundera vidare kring :)<\/div>\n<div> <\/div>\n<div>Efter ett utbrott om det h\u00e4r i veckan n\u00e4r jag l\u00e4ste mobilnyheter p\u00e5 muggen s\u00e5 fick jag en tanke. Om det nu \u00e4r s\u00e5 att vi har sv\u00e5rt f\u00f6r:<\/div>\n<div>1) Nyheter som \u00e4r jobbiga och pekar p\u00e5 behov av \u00e5tg\u00e4rder av dig. <\/div>\n<div>2) H\u00e4ndelser och situationer som ligger f\u00f6r l\u00e5ngt bort, som inte ber\u00f6r dig och dina n\u00e4rmaste.<\/div>\n<div>3) Utmaningar som ligger l\u00e5ngt fram i tiden, som inte p\u00e5verkar sommarens semester utan din pension.<\/div>\n<div>d\u00e5 p\u00e5verkar ju sannolikt det allt v\u00e5rt informationsintag. I privatlivet s\u00e5v\u00e4l som p\u00e5 jobbet. Hur ska d\u00e5 chefen g\u00f6ra som 1) vill ha in ett &quot;sense of urgency&quot; hos sin organisation, som 2) handlar om hela verksamheten och inte bara en avdelning och som 3) riskerar att p\u00e5verka f\u00f6retaget l\u00e4ngre fram i tiden? N\u00e4r kommunikationen beh\u00f6ver handla om dessa tre omr\u00e5den, d\u00e5 kommer den m\u00e4nskliga &quot;defekten&quot; hos oss alla att p\u00e5verka mottagligheten i v\u00e5ra hj\u00e4rnor.<\/div>\n<div> <\/div>\n<div>Det \u00e4r sp\u00e4nnande! Finns det en m\u00f6jlig v\u00e4g att blanda in den n\u00e4rliggande och positiva nyhetsstr\u00f6mmen med annat som \u00e4r tyngre, l\u00e5ngsiktigt och st\u00e4ller krav? Eller \u00e4r det till och med ett m\u00e5ste? H\u00e4r finns en hel ocean av fr\u00e4na f\u00f6r\u00e4ndringar :-D<\/div>\n<div> <\/div>\n","protected":false},"excerpt":{"rendered":"<p>Sitter och lyssnar till Rammstein som g\u00f6r Depeches &quot;Stripped&quot;\u00a0p\u00e5 ett Tribute-album. Bisarrt! Och bisarrt \u00e4r ocks\u00e5 att jag s\u00e5g rubrikerna i kv\u00e4llspressen i veckan (k\u00f6per ju inte tidningen men ser rubrikerna i mobilen ;) som ber\u00e4ttade om Tito som kollapsat och hans fru som trodde att han skulle d\u00f6. Hur i hela helvete kommer det&hellip;<\/p>\n","protected":false},"author":2,"featured_media":0,"comment_status":"open","ping_status":"open","sticky":false,"template":"","format":"standard","meta":{"ngg_post_thumbnail":0,"footnotes":""},"categories":[4],"tags":[],"class_list":["post-25","post","type-post","status-publish","format-standard","hentry","category-manniskor"],"aioseo_notices":[],"_links":{"self":[{"href":"https:\/\/www.petera.se\/blog\/wp-json\/wp\/v2\/posts\/25","targetHints":{"allow":["GET"]}}],"collection":[{"href":"https:\/\/www.petera.se\/blog\/wp-json\/wp\/v2\/posts"}],"about":[{"href":"https:\/\/www.petera.se\/blog\/wp-json\/wp\/v2\/types\/post"}],"author":[{"embeddable":true,"href":"https:\/\/www.petera.se\/blog\/wp-json\/wp\/v2\/users\/2"}],"replies":[{"embeddable":true,"href":"https:\/\/www.petera.se\/blog\/wp-json\/wp\/v2\/comments?post=25"}],"version-history":[{"count":0,"href":"https:\/\/www.petera.se\/blog\/wp-json\/wp\/v2\/posts\/25\/revisions"}],"wp:attachment":[{"href":"https:\/\/www.petera.se\/blog\/wp-json\/wp\/v2\/media?parent=25"}],"wp:term":[{"taxonomy":"category","embeddable":true,"href":"https:\/\/www.petera.se\/blog\/wp-json\/wp\/v2\/categories?post=25"},{"taxonomy":"post_tag","embeddable":true,"href":"https:\/\/www.petera.se\/blog\/wp-json\/wp\/v2\/tags?post=25"}],"curies":[{"name":"wp","href":"https:\/\/api.w.org\/{rel}","templated":true}]}}