{"id":2711,"date":"2013-12-03T22:13:49","date_gmt":"2013-12-03T21:13:49","guid":{"rendered":"http:\/\/www.petera.se\/blog\/?p=2711"},"modified":"2014-10-18T21:26:34","modified_gmt":"2014-10-18T20:26:34","slug":"avslut-2-vikarien-interimschefen","status":"publish","type":"post","link":"https:\/\/www.petera.se\/blog\/avslut-2-vikarien-interimschefen","title":{"rendered":"Avslut #2 Vikarien, interimschefen"},"content":{"rendered":"<p>Avslut. Ett speciellt ord. Oavsett hur l\u00e4nge n\u00e5got p\u00e5g\u00e5tt. N\u00e4r det som p\u00e5g\u00e5tt upph\u00f6r att vara sker ett avslut. Med samma ingredienser som alla avslut. Men samtidigt v\u00e4ldigt olika fr\u00e5n g\u00e5ng till g\u00e5ng. Det sk\u00f6na \u00e4r att varje tillf\u00e4lle inneb\u00e4r en intressant m\u00f6jlighet att utforska. Och l\u00e4ra sig mer. En m\u00e5ndag eftermiddag f\u00f6r n\u00e5gra veckor sedan avslutade jag mitt senaste uppdrag. Efter fem m\u00e5naders vikariat bj\u00f6d jag p\u00e5 t\u00e5rta som ett tack f\u00f6r tiden tillsammans med Staben f\u00f6r Ekonomi och Verksamhetsstyrning p\u00e5 SPV. Fem m\u00e5nader \u00e4r v\u00e4ldigt kort tid. Mitt uppdrag som interimschef var dessutom p\u00e5 deltid eftersom jag samtidigt var konsultchef p\u00e5 Frontwalker och dessutom var handledare i externa workshops och p\u00e5 v\u00e5ra program i The Human Element. Det innebar att jag inte alltid var p\u00e5 plats och s\u00e5 fysiskt n\u00e4rvarande som jag hade \u00f6nskat. Men l\u00e4get var som det var, och som Eckhart Tolle s\u00e5 klockrent konstaterar \u2013 \u201d<i>Accept what is. There can\u2019t be nothing else<\/i>\u201d :)<\/p>\n<p>S\u00e5 vi gjorde tillsammans det b\u00e4sta av situationen, och det blev v\u00e4ldigt bra! Som stabschef arbetade jag b\u00e5de med mina medarbetare p\u00e5 staben och med mina chefskollegor och generaldirekt\u00f6ren i ledningsgruppen. S\u00e5 det var h\u00e5ll-skeppet-flytande p\u00e5 flera niv\u00e5er samtidigt. Och i en organisation fylld av fina m\u00e4nniskor fylldes luckor och brister med energi och engagemang. Och det var m\u00e5nga som axlade ett st\u00f6rre ansvar f\u00f6r helheten \u00e4n rollen och arbetsuppgifterna f\u00f6reskrev. S\u00e5 vi producerade stabens verksamhet p\u00e5 delvis nya s\u00e4tt.<\/p>\n<p style=\"text-align: center;\"><a href=\"https:\/\/www.petera.se\/blog\/wp-content\/uploads\/2013\/12\/organisation.jpg\"><img decoding=\"async\" class=\"size-full wp-image-2717 aligncenter\" src=\"https:\/\/www.petera.se\/blog\/wp-content\/uploads\/2013\/12\/organisation.jpg\" alt=\"Hand drawing chart in whiteboard\" width=\"330\" height=\"200\" srcset=\"https:\/\/www.petera.se\/blog\/wp-content\/uploads\/2013\/12\/organisation.jpg 330w, https:\/\/www.petera.se\/blog\/wp-content\/uploads\/2013\/12\/organisation-300x181.jpg 300w\" sizes=\"(max-width: 330px) 100vw, 330px\" \/><\/a><\/p>\n<p>Under ett uppdrag hinner mycket h\u00e4nda, minnen som skapas gemensamt, utmaningar som \u00f6vervinns, motg\u00e5ngar som svider. Och vi har haft v\u00e5r besk\u00e4rda del av detta under de fem m\u00e5nader som jag hann vara en del av stabens verksamhet. Men fenomenalt lite svid, och ist\u00e4llet v\u00e4ldigt mycket framg\u00e5ngar! Jag \u00e4r glad och stolt \u00f6ver att ha varit en del av produktionen av ett enormt h\u00f6gkvalitativt del\u00e5rsbokslut, lett arbetet med att ta fram verksamhetsplan och budget f\u00f6r staben och att ha bidragit till en f\u00f6rb\u00e4ttring av hela myndighetens process f\u00f6r verksamhetsplanering. Parallellt arbetade vi med att f\u00e5 fram material till t\u00e4vlingen Modernaste Myndigheten, d\u00e4r SPV kom delad tv\u00e5a n\u00e5gra veckor efter mitt avslut. Och vi fattade ocks\u00e5 en hel del beslut i de \u00e4renden som en ekonomistab har ansvar f\u00f6r. Otroligt s\u00e5 mycket jag har l\u00e4rt mig!<\/p>\n<p>Men parallellt med arbetet att brygga klyftan mellan de tv\u00e5 ekonomi\u00adcheferna har jag brottats med min egen ambition. Jag gick in rollen med en tydlighet om min kompetens inom redovisning och ekonomistyrning. Som inte \u00e4r de jag skyltat mest med i min CV under \u00e5ren;) Om man s\u00e4ger s\u00e5. D\u00e4remot \u00e4r jag fenomenal p\u00e5 att se m\u00e5nga abstraktionsniv\u00e5er och systemniv\u00e5er samtidigt och jag ser m\u00f6nster och perspektiv i b\u00e5de information och m\u00e4nskliga beteenden. Jag byter glas\u00f6gon och vrider och v\u00e4nder p\u00e5 situationer och ser andra tolkningar eller nya m\u00f6jligheter. Det g\u00f6r att jag utan problem kan s\u00e4ta mig in i stabschefens situation som beh\u00f6ver kunna f\u00f6rst\u00e5 hela verksamheten, men ocks\u00e5 se hur det egna uppdraget och f\u00f6r\u00e4dlingsv\u00e4rdet p\u00e5 staben p\u00e5verkar och knyts till myndighetens totala verksamhet. Det \u00e4r ju dessutom det som \u00e4r det underbara med staber, att de per automatik arbetar tv\u00e4rs genom genom hela systemet. I den processorienterade organisationen s\u00e5 b\u00f6r s\u00e5klart produktionsenheter ocks\u00e5 g\u00f6ra det, men de kommer ofta undan med ett introvert stupr\u00f6rsfokus.<\/p>\n<p style=\"text-align: center;\"><a href=\"https:\/\/www.petera.se\/blog\/wp-content\/uploads\/2013\/12\/Books.jpg\"><img decoding=\"async\" class=\"size-full wp-image-2715 aligncenter\" src=\"https:\/\/www.petera.se\/blog\/wp-content\/uploads\/2013\/12\/Books.jpg\" alt=\"Books\" width=\"400\" height=\"255\" \/><\/a><\/p>\n<p>Men, jag \u00e4r som sagt ambiti\u00f6s och vill veta. Jag vill kunna. Och p\u00e5 fem m\u00e5nader s\u00e5 hinner man (oh se d\u00e4r, &#8221;<em>man<\/em>&#8221;, ett generaliserande, ett f\u00f6rsvar, ist\u00e4llet f\u00f6r att skriva jag;) inte l\u00e4ra sig grunder och detaljer i en s\u00e5 komplex stab som ekonomi och verksamhetsstyrning. Men det bryr sig inte de kompetensr\u00e4dda ormarna i mitt inre om. De vill prestera. De vill vara duktiga. Och n\u00e4r vi inte \u00e4r det s\u00e5 biter de. Och d\u00e5 blir jag f\u00f6rgiftad. R\u00e4dd och os\u00e4ker. Och med risk att g\u00e5 i f\u00f6rsvar. Som tur \u00e4r har jag <i>passivitet<\/i> och <i>intellektualiserande<\/i> som tv\u00e5 tidiga f\u00f6rsvarssignaler. Ut\u00f6ver att jag slutar att le:) Och det har under vikariatsuppdraget varit en f\u00f6rdel. Att jag stannat upp. Suttit still. Andats och k\u00e4nt pulsen i v\u00e4nster lillt\u00e5. N\u00e4r jag intellektualiserat. D\u00e5 har jag t\u00e4nkt <span style=\"text-decoration: underline;\">om situationen<\/span> ist\u00e4llet f\u00f6r att t\u00e4nka <span style=\"text-decoration: underline;\">p\u00e5 de siffror och statistiska underlag<\/span> som mina ormar och min inre kritiker ansett att jag borde haft koll p\u00e5. Och n\u00e4r jag t\u00e4nkt om situationen s\u00e5 har jag insett att jag inte kan kr\u00e4va av mig sj\u00e4lv att f\u00f6rst\u00e5 ber\u00e4kningsreglerna bakom den statliga tj\u00e4nstepensionen. Mitt uppdrag har varit att s\u00e4kerst\u00e4lla produktionen, uppmuntra till utveckling och vara en bidragande kraft som med externa \u00f6gon sett nya m\u00f6jligheter och pekat p\u00e5 institutionaliserade utmaningar.<\/p>\n<p>Och att kompetens och kontroll varit s\u00e5 viktigt f\u00f6r mig. Det var en nyhet. Men det lyftes fram i ljuset av den enorma kraft som uppdragets alla kompetensutmanande m\u00f6ten ut\u00f6vade p\u00e5 mig. B\u00e5de med interna och externa akt\u00f6rer. Men n\u00e4r jag sl\u00e4ppt p\u00e5 kontrollen och anv\u00e4nt modet till att vara \u00f6ppen och \u00e4rlig om mina kunskaper och mitt uppdrag d\u00e5 har det g\u00e5tt bra. Det \u00e4r till och med s\u00e5 att det har skapat \u00e4nnu mer kraft i de m\u00f6ten jag haft och den st\u00e4mning och milj\u00f6 som vi utvecklade tillsammans. N\u00e4r vi alla kunnat kasta prestige och kompetenskrav \u00e5t sidan och ist\u00e4llet pratat om det som skulle g\u00f6ras och hur det kunde g\u00f6ras. D\u00e5 har det ju blivit bra.<\/p>\n<p>Och i avslut st\u00e4ller jag ofta fr\u00e5gan \u2013 vad tar du med dig h\u00e4rifr\u00e5n?<\/p>\n<p>Och mitt svar \u00e4r tre.<br \/>\n1) M\u00e5nga fina m\u00e4nniskoro och l\u00e4rdomar i v\u00e5r kontakt.<br \/>\n2) Mindre kontroll och mer \u00f6ppenhet.<br \/>\n3) D\u00e5 blir det ju bra.<\/p>\n","protected":false},"excerpt":{"rendered":"<p>Avslut. Ett speciellt ord. Oavsett hur l\u00e4nge n\u00e5got p\u00e5g\u00e5tt. N\u00e4r det som p\u00e5g\u00e5tt upph\u00f6r att vara sker ett avslut. Med samma ingredienser som alla avslut. Men samtidigt v\u00e4ldigt olika fr\u00e5n g\u00e5ng till g\u00e5ng. Det sk\u00f6na \u00e4r att varje tillf\u00e4lle inneb\u00e4r en intressant m\u00f6jlighet att utforska. Och l\u00e4ra sig mer. En m\u00e5ndag eftermiddag f\u00f6r n\u00e5gra veckor&hellip;<\/p>\n","protected":false},"author":2,"featured_media":2717,"comment_status":"open","ping_status":"open","sticky":false,"template":"","format":"standard","meta":{"ngg_post_thumbnail":0,"footnotes":""},"categories":[3,4,5,7],"tags":[621,1183,1192,1103,1193,1190,744,1127,1191,899,1025],"class_list":["post-2711","post","type-post","status-publish","format-standard","has-post-thumbnail","hentry","category-ledarskap","category-manniskor","category-om-mig","category-organisation","tag-avslut","tag-avtackad","tag-chef-att-hyra","tag-frontwalker","tag-interimschef","tag-myndighet","tag-perspektiv","tag-spv","tag-stabschef","tag-system","tag-uppdrag"],"aioseo_notices":[],"_links":{"self":[{"href":"https:\/\/www.petera.se\/blog\/wp-json\/wp\/v2\/posts\/2711","targetHints":{"allow":["GET"]}}],"collection":[{"href":"https:\/\/www.petera.se\/blog\/wp-json\/wp\/v2\/posts"}],"about":[{"href":"https:\/\/www.petera.se\/blog\/wp-json\/wp\/v2\/types\/post"}],"author":[{"embeddable":true,"href":"https:\/\/www.petera.se\/blog\/wp-json\/wp\/v2\/users\/2"}],"replies":[{"embeddable":true,"href":"https:\/\/www.petera.se\/blog\/wp-json\/wp\/v2\/comments?post=2711"}],"version-history":[{"count":6,"href":"https:\/\/www.petera.se\/blog\/wp-json\/wp\/v2\/posts\/2711\/revisions"}],"predecessor-version":[{"id":2867,"href":"https:\/\/www.petera.se\/blog\/wp-json\/wp\/v2\/posts\/2711\/revisions\/2867"}],"wp:featuredmedia":[{"embeddable":true,"href":"https:\/\/www.petera.se\/blog\/wp-json\/wp\/v2\/media\/2717"}],"wp:attachment":[{"href":"https:\/\/www.petera.se\/blog\/wp-json\/wp\/v2\/media?parent=2711"}],"wp:term":[{"taxonomy":"category","embeddable":true,"href":"https:\/\/www.petera.se\/blog\/wp-json\/wp\/v2\/categories?post=2711"},{"taxonomy":"post_tag","embeddable":true,"href":"https:\/\/www.petera.se\/blog\/wp-json\/wp\/v2\/tags?post=2711"}],"curies":[{"name":"wp","href":"https:\/\/api.w.org\/{rel}","templated":true}]}}