{"id":28,"date":"2008-02-15T14:55:30","date_gmt":"2008-02-15T12:55:30","guid":{"rendered":"http:\/\/www.petera.se\/blog\/?p=28"},"modified":"2011-12-18T12:09:05","modified_gmt":"2011-12-18T10:09:05","slug":"sjuk-som-ett-agg","status":"publish","type":"post","link":"https:\/\/www.petera.se\/blog\/sjuk-som-ett-agg","title":{"rendered":"Sjuk som ett \u00e4gg&#8230;"},"content":{"rendered":"<p>Ja, fj\u00e4rde arbetshindrade dagen, suck. Men nionde sjukdagen, dubbelsuck. Det \u00e4r v\u00e4l egentligen svaret p\u00e5 att jag legat h\u00e4r i ett par dars tid med 40+ i feber och helt utan ork. Jag skulle ju naturligtvis ha lagt mig direkt n\u00e4r jag fick magsjukan i Oslo f\u00f6rra torsdag kv\u00e4ll, men var f\u00f6r ivrig att vara med p\u00e5 m\u00f6te p\u00e5 fredagen och sov bara en stund \u00f6ver lunchen plus en extra skolktimme. Bara det faktum att jag kallar det skolktimme n\u00e4r jag \u00e4r sjuk \u00e4r v\u00e4l signalen nog. Jag \u00e4r sjuk. Sjuk i huvudet. Men men, jag gick till skolan med feber i h\u00f6gstadiet f\u00f6r att skriva provet i matematik, f\u00f6r hur skulle det se ut&#8230;<\/p>\n<p>Men jag \u00e4r \u00e4nd\u00e5 v\u00e4ldigt stolt \u00f6ver att ha sl\u00e4ppt allt vad jobb hetat den h\u00e4r veckan. Jag fuskade p\u00e5 tisdag och jobbade lite i s\u00e4ngen med feber, men i onsdags och ig\u00e5r var jag s\u00e5 tr\u00f6tt att jag bara l\u00e5g och kippade efter andan. Orkade inte ens str\u00e4cka mig efter en tredje filt i frossan. Idag \u00e4r Emilia hemma med feber och jag tvingas till lite mer service \u00e4n l\u00e4mpligt, men jag har orken p\u00e5 v\u00e4g f\u00f6r det. Passar p\u00e5 att komma ig\u00e5ng p\u00e5 peterA.se n\u00e4r jag \u00e4nd\u00e5 liks sitter h\u00e4r med laptopen och Emilia\u00a0sover till\u00a0Anki och Pytte en stund.<\/p>\n<p>Jag \u00e4r sjuk f\u00f6r att jag varit sjuk, och jag kommer att bli frisk men blir jag helt frisk :)<\/p>\n<p>Och egentligen \u00e4r det nog r\u00e4tt bra att starta peterA.se\u00a0mitt i feber och okrav. Huh s\u00e5 hemskt att g\u00f6ra det frisk och t\u00e4nka mig in i konsekvenserna att det lilla privata krypin jag haft f\u00f6r min egen dagbok tar n\u00e5gra steg ut i offentlighetens varma men riskabla ljus&#8230;jojo kanske bra med en s\u00e4ngt (!) guard ibland ;)<\/p>\n","protected":false},"excerpt":{"rendered":"<p>Ja, fj\u00e4rde arbetshindrade dagen, suck. Men nionde sjukdagen, dubbelsuck. Det \u00e4r v\u00e4l egentligen svaret p\u00e5 att jag legat h\u00e4r i ett par dars tid med 40+ i feber och helt utan ork. Jag skulle ju naturligtvis ha lagt mig direkt n\u00e4r jag fick magsjukan i Oslo f\u00f6rra torsdag kv\u00e4ll, men var f\u00f6r ivrig att vara&hellip;<\/p>\n","protected":false},"author":2,"featured_media":0,"comment_status":"open","ping_status":"open","sticky":false,"template":"","format":"standard","meta":{"ngg_post_thumbnail":0,"footnotes":""},"categories":[5],"tags":[1267,79,80,81,78],"class_list":["post-28","post","type-post","status-publish","format-standard","hentry","category-om-mig","tag-blogg","tag-dagbok","tag-offentlighet","tag-osakerhet","tag-sjuk"],"aioseo_notices":[],"_links":{"self":[{"href":"https:\/\/www.petera.se\/blog\/wp-json\/wp\/v2\/posts\/28","targetHints":{"allow":["GET"]}}],"collection":[{"href":"https:\/\/www.petera.se\/blog\/wp-json\/wp\/v2\/posts"}],"about":[{"href":"https:\/\/www.petera.se\/blog\/wp-json\/wp\/v2\/types\/post"}],"author":[{"embeddable":true,"href":"https:\/\/www.petera.se\/blog\/wp-json\/wp\/v2\/users\/2"}],"replies":[{"embeddable":true,"href":"https:\/\/www.petera.se\/blog\/wp-json\/wp\/v2\/comments?post=28"}],"version-history":[{"count":1,"href":"https:\/\/www.petera.se\/blog\/wp-json\/wp\/v2\/posts\/28\/revisions"}],"predecessor-version":[{"id":2232,"href":"https:\/\/www.petera.se\/blog\/wp-json\/wp\/v2\/posts\/28\/revisions\/2232"}],"wp:attachment":[{"href":"https:\/\/www.petera.se\/blog\/wp-json\/wp\/v2\/media?parent=28"}],"wp:term":[{"taxonomy":"category","embeddable":true,"href":"https:\/\/www.petera.se\/blog\/wp-json\/wp\/v2\/categories?post=28"},{"taxonomy":"post_tag","embeddable":true,"href":"https:\/\/www.petera.se\/blog\/wp-json\/wp\/v2\/tags?post=28"}],"curies":[{"name":"wp","href":"https:\/\/api.w.org\/{rel}","templated":true}]}}