{"id":2956,"date":"2017-01-26T14:02:51","date_gmt":"2017-01-26T13:02:51","guid":{"rendered":"http:\/\/www.petera.se\/blog\/?p=2956"},"modified":"2017-01-27T12:55:24","modified_gmt":"2017-01-27T11:55:24","slug":"ett-snabbt-panorama","status":"publish","type":"post","link":"https:\/\/www.petera.se\/blog\/ett-snabbt-panorama","title":{"rendered":"Ett snabbt panorama"},"content":{"rendered":"<p>I min mobiltelefon har jag appen Autostitch, en helt fantastisk programvara som jag anv\u00e4nder f\u00f6r att kunna fotografera och stitcha (sy) ihop flera bilder till en n\u00e4r jag inte har min&nbsp;systemkamera med. Den ger hyggligt bra bilder f\u00f6r att anv\u00e4nda p\u00e5 Facebook, Instagram eller f\u00f6r att l\u00e4gga in p\u00e5 webben hos de olika klubbar mina tjejer deltagit i. Effekten blir ofta m\u00e4ktig n\u00e4r bilderna blir bredare \u00e4n vad en vanlig kamera klarar av att fotografera och m\u00e5nga l\u00e4gger dessutom m\u00e4rke till det. Men n\u00e4r jag fotar panorama&nbsp;med flera rader av bilder blir effekten inte lika omedelbar. En s\u00e5dan panorama fungerar bra f\u00f6r att f\u00e5 med ett stort motiv i en kamera med f\u00f6r lite vidvinkel och d\u00e4r m\u00f6jligheten att komma l\u00e4ngre bort fr\u00e5n det fotograferade&nbsp;objektet&nbsp;inte finns. Men bilden ser inte alltid ut som ett panorama och v\u00e4cker d\u00e4rf\u00f6r inte samma uppm\u00e4rksamhet som bredbildspanoramor. Att det blir h\u00f6gre detaljrikedom m\u00e4rks inte f\u00f6rr\u00e4n jag f\u00f6rstorar bilden, och att den tekniskt s\u00e4tt beh\u00f6vt ett kraftigare vidvinkelperspektiv \u00e4n vad en mobil eller vanligt standardobjektiv klarar av m\u00e4rks inte f\u00f6rr\u00e4n \u00e5sk\u00e5daren sj\u00e4lv har f\u00f6rs\u00f6kt att ta en likadan bild. Det finns fler fotografiska fenomen som inte den vanliga betraktaren t\u00e4nker p\u00e5 och det \u00e4r sk\u00f6nt f\u00f6r min inre kompetensivrare att kunna se utmaningar i bilder som alla inte l\u00e4gger m\u00e4rke till. Jag fotograferade fr\u00e5n en b\u00e5t som gled fram p\u00e5 Donau&nbsp;genom Budapest en kv\u00e4ll 2005. En av mina kurskollegor visade sin pennkamera och p\u00e5stod att tekniken nu g\u00e5tt fram\u00e5t s\u00e5 mycket att den gav lika bra bilder som min nya Canon Eos 350D. F\u00e5f\u00e4ngt tyckte jag och triggades av hans p\u00e5st\u00e5ende och bad att vi skulle testa. I bra ljus med stillast\u00e5ende motiv gav hans kamera r\u00e4tt bra bilder \u00e4ven om de inte skulle m\u00e5 s\u00e5 bra av att f\u00f6rstoras speciellt mycket. Och det var v\u00e4l inte heller syftet med den. Men med motiv ut i m\u00f6rkret mot byggnader och vyer i den f\u00f6rbiglidande staden fick hans lilla kamera problem. Det blev mycket brus eftersom kvaliteten p\u00e5 sensorerna inte var speciellt h\u00f6g och den totala sensorstorleken ganska liten f\u00f6r att f\u00e5 plats i en penna. Det blev suddiga bilder f\u00f6r slutartiden f\u00f6rl\u00e4ngdes f\u00f6r att f\u00e5 tag i mer ljus vilket visade p\u00e5 skillnaden mellan enkelhet i en liten penna och kvalitet i ett st\u00f6rre kamerahus. Idag \u00e4r dock mobiltelefonerna p\u00e5 allvar ikapp och jag f\u00e5r h\u00f6g kvalitet p\u00e5 bilderna \u00e4ven om kvalitet i d\u00e5ligt ljus, snabbhet i bildtagning och avsaknad av objektivbyte fortfarande g\u00f6r att jag v\u00e4ljer min Eos 7D.<\/p>\n<p><a href=\"https:\/\/www.petera.se\/blog\/wp-content\/uploads\/2017\/01\/Panorama-\u00d6rgryte-Gamla-Kyrka-PA1.jpg\"><img decoding=\"async\" class=\"alignnone size-full wp-image-2948\" src=\"https:\/\/www.petera.se\/blog\/wp-content\/uploads\/2017\/01\/Panorama-\u00d6rgryte-Gamla-Kyrka-PA1.jpg\" alt=\"\" width=\"2649\" height=\"1510\" srcset=\"https:\/\/www.petera.se\/blog\/wp-content\/uploads\/2017\/01\/Panorama-\u00d6rgryte-Gamla-Kyrka-PA1.jpg 2649w, https:\/\/www.petera.se\/blog\/wp-content\/uploads\/2017\/01\/Panorama-\u00d6rgryte-Gamla-Kyrka-PA1-300x171.jpg 300w, https:\/\/www.petera.se\/blog\/wp-content\/uploads\/2017\/01\/Panorama-\u00d6rgryte-Gamla-Kyrka-PA1-768x438.jpg 768w, https:\/\/www.petera.se\/blog\/wp-content\/uploads\/2017\/01\/Panorama-\u00d6rgryte-Gamla-Kyrka-PA1-1024x584.jpg 1024w, https:\/\/www.petera.se\/blog\/wp-content\/uploads\/2017\/01\/Panorama-\u00d6rgryte-Gamla-Kyrka-PA1-220x126.jpg 220w\" sizes=\"(max-width: 2649px) 100vw, 2649px\" \/><\/a><\/p>\n<p>Jag ville se hur \u00d6rgryte Gamla kyrka s\u00e5g ut i ett samlat panorama och inte bara de l\u00f6sa bilderna hoplagda, s\u00e5 jag b\u00f6rjade testa mig fram i Photoshop Elements. Jag testade att anv\u00e4nda dess inbyggda funktioner f\u00f6r Photomerge med viss tveksamhet eftersom min erfarenhet av standardprogram \u00e4r att det s\u00e4llan funkar med s\u00e5na inbyggda moduler. Men d\u00f6m om min f\u00f6rv\u00e5ning n\u00e4r jag ur programmet fick en fullt funktionsduglig ihopsydd version av kyrkan.<\/p>\n<p><img decoding=\"async\" class=\"alignnone size-full wp-image-2957\" src=\"https:\/\/www.petera.se\/blog\/wp-content\/uploads\/2017\/01\/Panorama-\u00d6rgryte-Gamla-Kyrka-Merge-Resultat-PA1.jpg\" alt=\"\" width=\"1920\" height=\"1920\" srcset=\"https:\/\/www.petera.se\/blog\/wp-content\/uploads\/2017\/01\/Panorama-\u00d6rgryte-Gamla-Kyrka-Merge-Resultat-PA1.jpg 1920w, https:\/\/www.petera.se\/blog\/wp-content\/uploads\/2017\/01\/Panorama-\u00d6rgryte-Gamla-Kyrka-Merge-Resultat-PA1-150x150.jpg 150w, https:\/\/www.petera.se\/blog\/wp-content\/uploads\/2017\/01\/Panorama-\u00d6rgryte-Gamla-Kyrka-Merge-Resultat-PA1-300x300.jpg 300w, https:\/\/www.petera.se\/blog\/wp-content\/uploads\/2017\/01\/Panorama-\u00d6rgryte-Gamla-Kyrka-Merge-Resultat-PA1-768x768.jpg 768w, https:\/\/www.petera.se\/blog\/wp-content\/uploads\/2017\/01\/Panorama-\u00d6rgryte-Gamla-Kyrka-Merge-Resultat-PA1-1024x1024.jpg 1024w, https:\/\/www.petera.se\/blog\/wp-content\/uploads\/2017\/01\/Panorama-\u00d6rgryte-Gamla-Kyrka-Merge-Resultat-PA1-50x50.jpg 50w\" sizes=\"(max-width: 1920px) 100vw, 1920px\" \/>Inte justerad f\u00f6r perspektivfel och annat men alla \u00e5tta&nbsp;bilder (4&#215;2) var snyggt ihopsydda. Med en klart b\u00e4ttre kvalitet \u00e4n Autostitch i telefonen! S\u00e5 jag b\u00f6rjade mixtra med perspektiven och f\u00f6rs\u00f6kte f\u00e5 formerna korrekt men k\u00e4nde att jag n\u00e5tt syftet med panoramat och valde att stanna n\u00e4r kyrkan var klar. Det fanns ju mycket annat jag ville forts\u00e4tta med. Egna mandalas som sagt.<\/p>\n","protected":false},"excerpt":{"rendered":"<p>I min mobiltelefon har jag appen Autostitch, en helt fantastisk programvara som jag anv\u00e4nder f\u00f6r att kunna fotografera och stitcha (sy) ihop flera bilder till en n\u00e4r jag inte har min&nbsp;systemkamera med. Den ger hyggligt bra bilder f\u00f6r att anv\u00e4nda p\u00e5 Facebook, Instagram eller f\u00f6r att l\u00e4gga in p\u00e5 webben hos de olika klubbar mina&hellip;<\/p>\n","protected":false},"author":2,"featured_media":2957,"comment_status":"open","ping_status":"open","sticky":false,"template":"","format":"standard","meta":{"ngg_post_thumbnail":0,"footnotes":""},"categories":[5],"tags":[1269,100,1290,14,1287,1293,1292,1284,1286],"class_list":["post-2956","post","type-post","status-publish","format-standard","has-post-thumbnail","hentry","category-om-mig","tag-bilder","tag-fotografi","tag-goteborg","tag-kreativitet","tag-mandala","tag-orgryte-gamla-kyrka","tag-panorama","tag-skapande","tag-teckning"],"aioseo_notices":[],"_links":{"self":[{"href":"https:\/\/www.petera.se\/blog\/wp-json\/wp\/v2\/posts\/2956","targetHints":{"allow":["GET"]}}],"collection":[{"href":"https:\/\/www.petera.se\/blog\/wp-json\/wp\/v2\/posts"}],"about":[{"href":"https:\/\/www.petera.se\/blog\/wp-json\/wp\/v2\/types\/post"}],"author":[{"embeddable":true,"href":"https:\/\/www.petera.se\/blog\/wp-json\/wp\/v2\/users\/2"}],"replies":[{"embeddable":true,"href":"https:\/\/www.petera.se\/blog\/wp-json\/wp\/v2\/comments?post=2956"}],"version-history":[{"count":1,"href":"https:\/\/www.petera.se\/blog\/wp-json\/wp\/v2\/posts\/2956\/revisions"}],"predecessor-version":[{"id":2958,"href":"https:\/\/www.petera.se\/blog\/wp-json\/wp\/v2\/posts\/2956\/revisions\/2958"}],"wp:featuredmedia":[{"embeddable":true,"href":"https:\/\/www.petera.se\/blog\/wp-json\/wp\/v2\/media\/2957"}],"wp:attachment":[{"href":"https:\/\/www.petera.se\/blog\/wp-json\/wp\/v2\/media?parent=2956"}],"wp:term":[{"taxonomy":"category","embeddable":true,"href":"https:\/\/www.petera.se\/blog\/wp-json\/wp\/v2\/categories?post=2956"},{"taxonomy":"post_tag","embeddable":true,"href":"https:\/\/www.petera.se\/blog\/wp-json\/wp\/v2\/tags?post=2956"}],"curies":[{"name":"wp","href":"https:\/\/api.w.org\/{rel}","templated":true}]}}