{"id":2959,"date":"2017-01-27T19:52:32","date_gmt":"2017-01-27T18:52:32","guid":{"rendered":"http:\/\/www.petera.se\/blog\/?p=2959"},"modified":"2017-01-28T22:27:00","modified_gmt":"2017-01-28T21:27:00","slug":"antligen-egna-mandalas","status":"publish","type":"post","link":"https:\/\/www.petera.se\/blog\/antligen-egna-mandalas","title":{"rendered":"\u00c4ntligen egna mandalas"},"content":{"rendered":"<p>Det blev&nbsp;m\u00e5nga olika experiment och utforskande skapande med annat \u00e4n de symmetriska mandalas jag inledningsvis t\u00e4nkt g\u00f6ra. Jag testade lite mellan varven och l\u00e4ste lite bloggar och s\u00e5g p\u00e5 n\u00e5gra Youtube-videos men till slut fokuserade jag och satte mig f\u00f6r att skapa lite p\u00e5 allvar. Det var enormt roligt. Jag fotade r\u00e5material till mandalas under alla skapardagar och har inte kommit halvv\u00e4gs igenom alla de id\u00e9er jag fick. Och jag kommer inte att kunna producera en tiondel av de avancerade m\u00f6nster som jag kan se f\u00f6r mitt inre! Det \u00e4r f\u00e5 f\u00f6runnat att hitta energier i symmetrier och m\u00f6nster. Jag f\u00e5r \u00f6dmjukt se mig som en nyb\u00f6rjare som bara sniffat lite p\u00e5 blomman,&nbsp;snarare \u00e4n att se mig som tr\u00e4dg\u00e5rdsm\u00e4staren.&nbsp;<\/p>\n<p><a href=\"https:\/\/www.petera.se\/blog\/wp-content\/uploads\/2017\/01\/IMG_4649-Retusch-Mandala-8p-PA1.jpg\"><img decoding=\"async\" class=\"alignnone size-full wp-image-2960\" src=\"https:\/\/www.petera.se\/blog\/wp-content\/uploads\/2017\/01\/IMG_4649-Retusch-Mandala-8p-PA1.jpg\" alt=\"\" width=\"1920\" height=\"1920\" srcset=\"https:\/\/www.petera.se\/blog\/wp-content\/uploads\/2017\/01\/IMG_4649-Retusch-Mandala-8p-PA1.jpg 1920w, https:\/\/www.petera.se\/blog\/wp-content\/uploads\/2017\/01\/IMG_4649-Retusch-Mandala-8p-PA1-150x150.jpg 150w, https:\/\/www.petera.se\/blog\/wp-content\/uploads\/2017\/01\/IMG_4649-Retusch-Mandala-8p-PA1-300x300.jpg 300w, https:\/\/www.petera.se\/blog\/wp-content\/uploads\/2017\/01\/IMG_4649-Retusch-Mandala-8p-PA1-768x768.jpg 768w, https:\/\/www.petera.se\/blog\/wp-content\/uploads\/2017\/01\/IMG_4649-Retusch-Mandala-8p-PA1-1024x1024.jpg 1024w, https:\/\/www.petera.se\/blog\/wp-content\/uploads\/2017\/01\/IMG_4649-Retusch-Mandala-8p-PA1-50x50.jpg 50w\" sizes=\"(max-width: 1920px) 100vw, 1920px\" \/><\/a><\/p>\n<p>Den f\u00f6rsta mandalan som jag gjorde var v\u00e4ldigt basic och jag gjorde lite fel n\u00e4r jag klippte och klistrade och kopierade och roterade. S\u00e5 den k\u00e4nns inte balanserad utan ger ett intryck av att snurra. \u00c4r det medsols eller motsols? Nja, det beror p\u00e5 hur jag kikar p\u00e5 den. Men den blev fin med de olika f\u00e4rgerna och det v\u00e4ckte inspiration. H\u00f6stens v\u00e4xter och f\u00e4rger blev pl\u00f6tsligt lockande att arbeta med. Jag tog fram kameran och b\u00f6rjade fotografera inomhus. Med nya \u00f6gon tittade jag mig omkring f\u00f6r att se vad som fanns att arbeta med.<\/p>\n<div id=\"attachment_2961\" style=\"width: 1930px\" class=\"wp-caption alignnone\"><a href=\"https:\/\/www.petera.se\/blog\/wp-content\/uploads\/2017\/01\/Emmas-stadstavla-Mandala-GZ-PA1.jpg\"><img decoding=\"async\" aria-describedby=\"caption-attachment-2961\" class=\"wp-image-2961 size-full\" title=\"(c) Emma Rosqvist 2017\" src=\"https:\/\/www.petera.se\/blog\/wp-content\/uploads\/2017\/01\/Emmas-stadstavla-Mandala-GZ-PA1.jpg\" alt=\"(c) Emma Rosqvist 2017\" width=\"1920\" height=\"1920\" srcset=\"https:\/\/www.petera.se\/blog\/wp-content\/uploads\/2017\/01\/Emmas-stadstavla-Mandala-GZ-PA1.jpg 1920w, https:\/\/www.petera.se\/blog\/wp-content\/uploads\/2017\/01\/Emmas-stadstavla-Mandala-GZ-PA1-150x150.jpg 150w, https:\/\/www.petera.se\/blog\/wp-content\/uploads\/2017\/01\/Emmas-stadstavla-Mandala-GZ-PA1-300x300.jpg 300w, https:\/\/www.petera.se\/blog\/wp-content\/uploads\/2017\/01\/Emmas-stadstavla-Mandala-GZ-PA1-768x768.jpg 768w, https:\/\/www.petera.se\/blog\/wp-content\/uploads\/2017\/01\/Emmas-stadstavla-Mandala-GZ-PA1-1024x1024.jpg 1024w, https:\/\/www.petera.se\/blog\/wp-content\/uploads\/2017\/01\/Emmas-stadstavla-Mandala-GZ-PA1-50x50.jpg 50w\" sizes=\"(max-width: 1920px) 100vw, 1920px\" \/><\/a><p id=\"caption-attachment-2961\" class=\"wp-caption-text\">(c) Emma Rosqvist 2017<\/p><\/div>\n<p>I Emmas tavla som \u00e4r under m\u00e5lning hittade jag m\u00e4ngder av fina f\u00e4rger och detaljer. Alla hus i alla olika f\u00e4rger gav underbara m\u00f6nster n\u00e4r jag formade om dem till mandalateckningar. Och pl\u00f6tsligt fick de en annan energi och annan mening. Denna gr\u00f6na v\u00e4cker tankar till F\u00f6rtroendefullt Samarbete och begreppet Gr\u00f6n Zon d\u00e4r vi har ett samarbetsorienterat f\u00f6rh\u00e5llningss\u00e4tt. Dessutom blir bilden v\u00e4ldigt vacker eftersom den innesluter ett f\u00e4lt av r\u00f6tt som \u00e4r accepterat och en naturlig del av ett dynamiskt arbete i den gr\u00f6na zonen.<\/p>\n<div id=\"attachment_2962\" style=\"width: 1930px\" class=\"wp-caption alignnone\"><a href=\"https:\/\/www.petera.se\/blog\/wp-content\/uploads\/2017\/01\/Emmas-stadstavla-Mandala-RZ-PA1.jpg\"><img decoding=\"async\" aria-describedby=\"caption-attachment-2962\" class=\"wp-image-2962 size-full\" title=\"(c) Emma Rosqvist 2017\" src=\"https:\/\/www.petera.se\/blog\/wp-content\/uploads\/2017\/01\/Emmas-stadstavla-Mandala-RZ-PA1.jpg\" alt=\"(c) Emma Rosqvist 2017\" width=\"1920\" height=\"1920\" srcset=\"https:\/\/www.petera.se\/blog\/wp-content\/uploads\/2017\/01\/Emmas-stadstavla-Mandala-RZ-PA1.jpg 1920w, https:\/\/www.petera.se\/blog\/wp-content\/uploads\/2017\/01\/Emmas-stadstavla-Mandala-RZ-PA1-150x150.jpg 150w, https:\/\/www.petera.se\/blog\/wp-content\/uploads\/2017\/01\/Emmas-stadstavla-Mandala-RZ-PA1-300x300.jpg 300w, https:\/\/www.petera.se\/blog\/wp-content\/uploads\/2017\/01\/Emmas-stadstavla-Mandala-RZ-PA1-768x768.jpg 768w, https:\/\/www.petera.se\/blog\/wp-content\/uploads\/2017\/01\/Emmas-stadstavla-Mandala-RZ-PA1-1024x1024.jpg 1024w, https:\/\/www.petera.se\/blog\/wp-content\/uploads\/2017\/01\/Emmas-stadstavla-Mandala-RZ-PA1-50x50.jpg 50w\" sizes=\"(max-width: 1920px) 100vw, 1920px\" \/><\/a><p id=\"caption-attachment-2962\" class=\"wp-caption-text\">(c) Emma Rosqvist 2017<\/p><\/div>\n<p>I samma tavla finns moment av helt annan kaliber. Tydligare linjer och kraftigare gr\u00e4nser med spetsigare former. Den k\u00e4nns mer hotfull och representerar p\u00e5 att underbart s\u00e4tt begreppet R\u00f6d Zon som pr\u00e4glas av ett konkurrensinriktat f\u00f6rh\u00e5llningss\u00e4tt d\u00e4r alla \u00e4r potentiella fiender. Formerna \u00e4r v\u00e4ldigt enkla och grundstrukturen i dessa mandalas \u00e4r byggd p\u00e5 enstaka&nbsp;lager med samma fotografi som grund f\u00f6r m\u00f6nstren. S\u00e5 jag ville testa mer. Kameran p\u00e5 axeln och ut i kv\u00e4llen f\u00f6r att s\u00f6ka fler motiv att experimentera med.<\/p>\n<p><a href=\"https:\/\/www.petera.se\/blog\/wp-content\/uploads\/2017\/01\/IMG_4850-Mandala-Ljus-och-G\u00f6taplatsen-PA1.jpg\"><img decoding=\"async\" class=\"alignnone size-full wp-image-2963\" src=\"https:\/\/www.petera.se\/blog\/wp-content\/uploads\/2017\/01\/IMG_4850-Mandala-Ljus-och-G\u00f6taplatsen-PA1.jpg\" alt=\"\" width=\"1920\" height=\"1920\" srcset=\"https:\/\/www.petera.se\/blog\/wp-content\/uploads\/2017\/01\/IMG_4850-Mandala-Ljus-och-G\u00f6taplatsen-PA1.jpg 1920w, https:\/\/www.petera.se\/blog\/wp-content\/uploads\/2017\/01\/IMG_4850-Mandala-Ljus-och-G\u00f6taplatsen-PA1-150x150.jpg 150w, https:\/\/www.petera.se\/blog\/wp-content\/uploads\/2017\/01\/IMG_4850-Mandala-Ljus-och-G\u00f6taplatsen-PA1-300x300.jpg 300w, https:\/\/www.petera.se\/blog\/wp-content\/uploads\/2017\/01\/IMG_4850-Mandala-Ljus-och-G\u00f6taplatsen-PA1-768x768.jpg 768w, https:\/\/www.petera.se\/blog\/wp-content\/uploads\/2017\/01\/IMG_4850-Mandala-Ljus-och-G\u00f6taplatsen-PA1-1024x1024.jpg 1024w, https:\/\/www.petera.se\/blog\/wp-content\/uploads\/2017\/01\/IMG_4850-Mandala-Ljus-och-G\u00f6taplatsen-PA1-50x50.jpg 50w\" sizes=\"(max-width: 1920px) 100vw, 1920px\" \/><\/a><\/p>\n<p>Och experiment blev det. Med r\u00e5ge! Den h\u00e4r mandalan blev av helt annan karakt\u00e4r \u00e4n de \u00f6vriga. Byggd p\u00e5 kv\u00e4llsbilder fr\u00e5n G\u00f6taplatsen och Liseberg samt levande ljus fotograferade med macro inomhus. Tre bilder monterade i symmetriska och cirkul\u00e4ra m\u00f6nster. Det blev en groteskt stor bildfil &#8211; 8184 x 8184 och \u00f6ver 500Mb stor! Jobbig att handskas med. Och dessutom finns det v\u00e4ldigt lite k\u00e4nsla och uttryck i den. Det \u00e4r ett exempel p\u00e5 ett mer tekniskt experiment \u00e4n n\u00e5got som sprungit fram ur ett k\u00e4nslom\u00e4ssigt arbete med uttryck.&nbsp;<\/p>\n<p><a href=\"https:\/\/www.petera.se\/blog\/wp-content\/uploads\/2017\/01\/IMG_4649-Mandala-Mossa-\u00c4gg-PA1.jpg\"><img decoding=\"async\" class=\"alignnone size-full wp-image-2964\" src=\"https:\/\/www.petera.se\/blog\/wp-content\/uploads\/2017\/01\/IMG_4649-Mandala-Mossa-\u00c4gg-PA1.jpg\" alt=\"\" width=\"1920\" height=\"1920\" srcset=\"https:\/\/www.petera.se\/blog\/wp-content\/uploads\/2017\/01\/IMG_4649-Mandala-Mossa-\u00c4gg-PA1.jpg 1920w, https:\/\/www.petera.se\/blog\/wp-content\/uploads\/2017\/01\/IMG_4649-Mandala-Mossa-\u00c4gg-PA1-150x150.jpg 150w, https:\/\/www.petera.se\/blog\/wp-content\/uploads\/2017\/01\/IMG_4649-Mandala-Mossa-\u00c4gg-PA1-300x300.jpg 300w, https:\/\/www.petera.se\/blog\/wp-content\/uploads\/2017\/01\/IMG_4649-Mandala-Mossa-\u00c4gg-PA1-768x768.jpg 768w, https:\/\/www.petera.se\/blog\/wp-content\/uploads\/2017\/01\/IMG_4649-Mandala-Mossa-\u00c4gg-PA1-1024x1024.jpg 1024w, https:\/\/www.petera.se\/blog\/wp-content\/uploads\/2017\/01\/IMG_4649-Mandala-Mossa-\u00c4gg-PA1-50x50.jpg 50w\" sizes=\"(max-width: 1920px) 100vw, 1920px\" \/><\/a><\/p>\n<p>Den mandala som jag \u00e4r mest n\u00f6jd med \u00e4r den sista jag gjorde. F\u00e4rger och former \u00e4r mer harmoniska och den bygger p\u00e5 samma motiv men med klipp fr\u00e5n olika delar av bilden. Den \u00e4r inte klar och jag vill forts\u00e4tta arbeta med den. Men uttrycket i den \u00e4r starkt och jag f\u00e5r en sk\u00f6n k\u00e4nsla av djup och mystik med naturen som v\u00e4rd. Jag ska ta mig mer tid f\u00f6r att hitta vidare i den h\u00e4r bilden och se vad jag vill komplettera den med. \u00c4r de vassa kanterna representativa och vad h\u00e4nder i de m\u00f6rka omr\u00e5dena i ljungriset. Det finns mycket kvar att utforska. Sk\u00f6nt \u00e4r v\u00e4l det.<\/p>\n<p>&nbsp;<\/p>\n","protected":false},"excerpt":{"rendered":"<p>Det blev&nbsp;m\u00e5nga olika experiment och utforskande skapande med annat \u00e4n de symmetriska mandalas jag inledningsvis t\u00e4nkt g\u00f6ra. Jag testade lite mellan varven och l\u00e4ste lite bloggar och s\u00e5g p\u00e5 n\u00e5gra Youtube-videos men till slut fokuserade jag och satte mig f\u00f6r att skapa lite p\u00e5 allvar. Det var enormt roligt. Jag fotade r\u00e5material till mandalas under&hellip;<\/p>\n","protected":false},"author":2,"featured_media":2964,"comment_status":"open","ping_status":"open","sticky":false,"template":"","format":"standard","meta":{"ngg_post_thumbnail":0,"footnotes":""},"categories":[5],"tags":[1269,1197,100,1290,1122,14,1287,1194,1284],"class_list":["post-2959","post","type-post","status-publish","format-standard","has-post-thumbnail","hentry","category-om-mig","tag-bilder","tag-fortroendefullt-samarbete","tag-fotografi","tag-goteborg","tag-gron-zon","tag-kreativitet","tag-mandala","tag-rod-zon","tag-skapande"],"aioseo_notices":[],"_links":{"self":[{"href":"https:\/\/www.petera.se\/blog\/wp-json\/wp\/v2\/posts\/2959","targetHints":{"allow":["GET"]}}],"collection":[{"href":"https:\/\/www.petera.se\/blog\/wp-json\/wp\/v2\/posts"}],"about":[{"href":"https:\/\/www.petera.se\/blog\/wp-json\/wp\/v2\/types\/post"}],"author":[{"embeddable":true,"href":"https:\/\/www.petera.se\/blog\/wp-json\/wp\/v2\/users\/2"}],"replies":[{"embeddable":true,"href":"https:\/\/www.petera.se\/blog\/wp-json\/wp\/v2\/comments?post=2959"}],"version-history":[{"count":3,"href":"https:\/\/www.petera.se\/blog\/wp-json\/wp\/v2\/posts\/2959\/revisions"}],"predecessor-version":[{"id":2967,"href":"https:\/\/www.petera.se\/blog\/wp-json\/wp\/v2\/posts\/2959\/revisions\/2967"}],"wp:featuredmedia":[{"embeddable":true,"href":"https:\/\/www.petera.se\/blog\/wp-json\/wp\/v2\/media\/2964"}],"wp:attachment":[{"href":"https:\/\/www.petera.se\/blog\/wp-json\/wp\/v2\/media?parent=2959"}],"wp:term":[{"taxonomy":"category","embeddable":true,"href":"https:\/\/www.petera.se\/blog\/wp-json\/wp\/v2\/categories?post=2959"},{"taxonomy":"post_tag","embeddable":true,"href":"https:\/\/www.petera.se\/blog\/wp-json\/wp\/v2\/tags?post=2959"}],"curies":[{"name":"wp","href":"https:\/\/api.w.org\/{rel}","templated":true}]}}