{"id":311,"date":"2008-10-04T14:50:39","date_gmt":"2008-10-04T12:50:39","guid":{"rendered":"http:\/\/www.petera.se\/blog\/?p=311"},"modified":"2008-10-04T14:52:56","modified_gmt":"2008-10-04T12:52:56","slug":"indisk-sociologi","status":"publish","type":"post","link":"https:\/\/www.petera.se\/blog\/indisk-sociologi","title":{"rendered":"Indisk sociologi"},"content":{"rendered":"<p>Hurra, n\u00e5got som jag tvivlat p\u00e5\u00a0att jag skulle klara av \u00e4r nu f\u00e4rdigt :) Jag har skrivit klart uppgiften f\u00f6r tema 2 p\u00e5 sociologin. Det var mycket sv\u00e5rare \u00e4n jag trott och t\u00e4nkt, men med lite h\u00e5rt arbete och mer l\u00e4sning \u00e4n planerat s\u00e5 gick det v\u00e4gen. Eftersom jag har ambitionen (hrm&#8230;harkel.. ;) att klara av godk\u00e4nt p\u00e5 alla uppgifter och inte k\u00e4mpa f\u00f6r VG eller MVG s\u00e5 k\u00e4nner jag mig n\u00f6jd :) Se sj\u00e4lv resultatet p\u00e5 <a href=\"https:\/\/www.petera.se\/blog\/sociologi-gr-a-2008\/delkurs-a-1-sociologisk-introduktion\" target=\"_self\">sociologisidan<\/a>.<\/p>\n<p>Dessutom hade vi ett sociologiskt snack p\u00e5 fikat p\u00e5 jobbet. En av konsulterna har varit i Indien och l\u00e4rt sig presale inom offshore kopplat till alla v\u00e5ra delar i servicekatalogen. Hans upplevelser i Indien var sp\u00e4nnande att h\u00f6ra om, och det \u00e4r uppenbart att hans resa var en klar socialisationsprocess. Saker som han fick l\u00e4ra sig, f\u00f6rst\u00a0av enskilda\u00a0och sedan\u00a0generellt om hela samh\u00e4llet var r\u00e4tt sp\u00e4nnande. Ett intressant exempel var att han som\u00a0bes\u00f6kare och g\u00e4st\u00a0fick utst\u00e5 (!) m\u00e4ngder av service p\u00e5 de hotell, restauranger och andra serviceinr\u00e4ttningar han var p\u00e5. Han f\u00f6rv\u00e4ntades dessutom f\u00f6rv\u00e4nta sig denna service. F\u00f6r honom som var van ett svenskt samh\u00e4lle, byggt p\u00e5 g\u00f6r-det-sj\u00e4lv och kom-inte-h\u00e4r-och-kr\u00e4v s\u00e5 var det v\u00e4ldigt annorlunda. N\u00e4r han agerade p\u00e5 ett &#8221;svenskt s\u00e4tt&#8221; br\u00f6t han m\u00f6nstren, s\u00e4nde ut fel signaler och st\u00f6rde hela interaktionsprocessen. Riskerna f\u00f6r missf\u00f6rst\u00e5nd var uppenbara och till och med kunde det h\u00e4nda att n\u00e5gon fick sig en reprimand f\u00f6r att inte ha fullgjort sina plikter, plikter som inte gick att genomf\u00f6ra p\u00e5 grund av att spelplanen inte var korrekt, och som sannolikt var sv\u00e5r att f\u00f6rst\u00e5. Det \u00e4r ju l\u00e4tt att t\u00e4nka sig om vi ser det omv\u00e4nda. P\u00e5 ett hotell d\u00e4r det normala \u00e4r att b\u00e4ra sina v\u00e4skor sj\u00e4lv kommer det ju att se konstigt ut, och vara rent av skrattretande, n\u00e4r en person checkar in och g\u00e5r upp p\u00e5 sitt rum utan att ta med sig v\u00e4skorna :) Det kan ju v\u00e4cka hur m\u00e5nga m\u00e4rkliga tankar som helst, men att n\u00e5gon ska ta tag i v\u00e4skorna och g\u00e5 efter \u00e4r knappast det f\u00f6rsta som h\u00e4nder&#8230; och p\u00e5 samma s\u00e4tt \u00e4r det n\u00e4r vi kommer till en ny milj\u00f6.<\/p>\n<p>Att vi svenskar i allm\u00e4nhet, och jag i synnerhet, har s\u00e5 sv\u00e5rt att ta emot denna service med burna v\u00e4skor och \u00f6ppnade d\u00f6rrar \u00e4r en annan sak. Jag tror att det \u00e4r skamrelaterat och att jag inte k\u00e4nner mig bekv\u00e4m i att utnyttja en annan m\u00e4nniska p\u00e5 det s\u00e4ttet. M\u00e4rkligt nog s\u00e5 utnyttjar ju andra m\u00e4nniskor till andra saker, jag l\u00e5ter servit\u00f6rer b\u00e4ra ut maten till mig p\u00e5 restaurangen, men att f\u00e5 sin v\u00e4ska buren k\u00e4nns jobbigt.<\/p>\n<p>Klart \u00e4mne f\u00f6r fortsatta studier, s\u00e5 mer indienresor allts\u00e5 ;)<\/p>\n","protected":false},"excerpt":{"rendered":"<p>Hurra, n\u00e5got som jag tvivlat p\u00e5\u00a0att jag skulle klara av \u00e4r nu f\u00e4rdigt :) Jag har skrivit klart uppgiften f\u00f6r tema 2 p\u00e5 sociologin. Det var mycket sv\u00e5rare \u00e4n jag trott och t\u00e4nkt, men med lite h\u00e5rt arbete och mer l\u00e4sning \u00e4n planerat s\u00e5 gick det v\u00e4gen. Eftersom jag har ambitionen (hrm&#8230;harkel.. ;) att klara&hellip;<\/p>\n","protected":false},"author":2,"featured_media":0,"comment_status":"open","ping_status":"open","sticky":false,"template":"","format":"standard","meta":{"ngg_post_thumbnail":0,"footnotes":""},"categories":[4,5,8],"tags":[33,211,280],"class_list":["post-311","post","type-post","status-publish","format-standard","hentry","category-manniskor","category-om-mig","category-varlden","tag-kultur","tag-samhalle","tag-sociologi-gr-a"],"aioseo_notices":[],"_links":{"self":[{"href":"https:\/\/www.petera.se\/blog\/wp-json\/wp\/v2\/posts\/311","targetHints":{"allow":["GET"]}}],"collection":[{"href":"https:\/\/www.petera.se\/blog\/wp-json\/wp\/v2\/posts"}],"about":[{"href":"https:\/\/www.petera.se\/blog\/wp-json\/wp\/v2\/types\/post"}],"author":[{"embeddable":true,"href":"https:\/\/www.petera.se\/blog\/wp-json\/wp\/v2\/users\/2"}],"replies":[{"embeddable":true,"href":"https:\/\/www.petera.se\/blog\/wp-json\/wp\/v2\/comments?post=311"}],"version-history":[{"count":4,"href":"https:\/\/www.petera.se\/blog\/wp-json\/wp\/v2\/posts\/311\/revisions"}],"predecessor-version":[{"id":315,"href":"https:\/\/www.petera.se\/blog\/wp-json\/wp\/v2\/posts\/311\/revisions\/315"}],"wp:attachment":[{"href":"https:\/\/www.petera.se\/blog\/wp-json\/wp\/v2\/media?parent=311"}],"wp:term":[{"taxonomy":"category","embeddable":true,"href":"https:\/\/www.petera.se\/blog\/wp-json\/wp\/v2\/categories?post=311"},{"taxonomy":"post_tag","embeddable":true,"href":"https:\/\/www.petera.se\/blog\/wp-json\/wp\/v2\/tags?post=311"}],"curies":[{"name":"wp","href":"https:\/\/api.w.org\/{rel}","templated":true}]}}