{"id":3177,"date":"2021-12-30T17:21:00","date_gmt":"2021-12-30T16:21:00","guid":{"rendered":"https:\/\/www.petera.se\/blog\/?p=3177"},"modified":"2022-01-02T17:27:06","modified_gmt":"2022-01-02T16:27:06","slug":"myter-och-nyarsloften","status":"publish","type":"post","link":"https:\/\/www.petera.se\/blog\/myter-och-nyarsloften","title":{"rendered":"Myter och ny\u00e5rsl\u00f6ften"},"content":{"rendered":"\n<p>\ud83e\udd14 Jag, ny\u00e5rsl\u00f6fte? Nej, det \u00e4r en myt som jag inte tror p\u00e5!<\/p>\n\n\n\n<p>\ud83d\udc53 Jag har \u00e4ntligen f\u00f6rst\u00e5tt vad jag \u00e4r bra p\u00e5! Jag \u00e4r den som byter glas\u00f6gon, kl\u00e4ttrar upp p\u00e5 bergstoppen, ser och ifr\u00e5gas\u00e4tter v\u00e5ra vardagliga myter med perspektiv fr\u00e5n andra h\u00e5ll. Jag \u00e4r den som breddar f\u00f6rst\u00e5elsen. S\u00e5 att vi kan l\u00f6sa problem p\u00e5 nya och andra s\u00e4tt. Det \u00e4r integrerat i allt jag g\u00f6r \ud83e\udd13<\/p>\n\n\n\n<p>\ud83d\udde3\ufe0f Myter \u00e4r de gemensamma ber\u00e4ttelser som vi bygger v\u00e5rt samh\u00e4lle p\u00e5. Det \u00e4r inte bara religioner och historia som bygger p\u00e5 myter. Pengar \u00e4r en de mest fantastiska myter vi har, och som vi s\u00e4llan reflekterar \u00f6ver. Det finns inget faktiskt i pengar, det \u00e4r bara en \u00f6verenskommelse mellan en m\u00e4ngd m\u00e4nniskor och en stark tillit att alla behandlar dem lika. De kan representeras av papper, metall, siffror i databaser men \u00e4r inte v\u00e4rt n\u00e5got alls utan myten.<\/p>\n\n\n\n<p>\ud83e\udd3c Myter reglerar v\u00e5rt beteende och v\u00e5ra samarbeten. Myter definierar dessutom gruppen. Sverige definieras av en m\u00e4ngd myter, som vissa vill utveckla och andra bibeh\u00e5lla. Vi p\u00e5&nbsp;<a href=\"https:\/\/www.linkedin.com\/company\/masarin-consulting-group\/\">Masarin Consulting Group<\/a>&nbsp;har v\u00e5ra myter som f\u00f6r\u00e4ndras l\u00f6pande. Min familj har myter, b\u00e5de ljusa och m\u00f6rka. Myter g\u00f6r nytta f\u00f6r de knyter oss samman, men kan ocks\u00e5 h\u00e4mma utveckling och f\u00f6r\u00e4ndring. D\u00e4rav mitt intresse att reflektera och byta perspektiv.<\/p>\n\n\n\n<p>\ud83d\ude31 Ny\u00e5rsl\u00f6ften, hur ofta h\u00e5ller vi dem egentligen? Risken \u00e4r att de skapar besvikelser och sj\u00e4lvkritik. Jag tror snarare p\u00e5 l\u00f6pande reflektion och nyttigt ifr\u00e5gas\u00e4ttande med massor av ber\u00f6m och fira \ud83c\udf82<\/p>\n\n\n\n<p>\ud83d\udc69\u200d\ud83d\udc69\u200d\ud83d\udc67\u200d\ud83d\udc67 Men som myt \u00e4r ny\u00e5rsl\u00f6ftet sp\u00e4nnande f\u00f6r det \u00e4r en del av limmet mellan oss och s\u00e5dant beh\u00f6ver vi mer av \u2764\ufe0f<\/p>\n","protected":false},"excerpt":{"rendered":"<p>\ud83e\udd14 Jag, ny\u00e5rsl\u00f6fte? Nej, det \u00e4r en myt som jag inte tror p\u00e5! \ud83d\udc53 Jag har \u00e4ntligen f\u00f6rst\u00e5tt vad jag \u00e4r bra p\u00e5! Jag \u00e4r den som byter glas\u00f6gon, kl\u00e4ttrar upp p\u00e5 bergstoppen, ser och ifr\u00e5gas\u00e4tter v\u00e5ra vardagliga myter med perspektiv fr\u00e5n andra h\u00e5ll. Jag \u00e4r den som breddar f\u00f6rst\u00e5elsen. S\u00e5 att vi kan l\u00f6sa&hellip;<\/p>\n","protected":false},"author":2,"featured_media":3178,"comment_status":"open","ping_status":"open","sticky":false,"template":"","format":"standard","meta":{"ngg_post_thumbnail":0,"footnotes":""},"categories":[1340,5],"tags":[1078],"class_list":["post-3177","post","type-post","status-publish","format-standard","has-post-thumbnail","hentry","category-linkedin","category-om-mig","tag-nyarslofte"],"aioseo_notices":[],"_links":{"self":[{"href":"https:\/\/www.petera.se\/blog\/wp-json\/wp\/v2\/posts\/3177","targetHints":{"allow":["GET"]}}],"collection":[{"href":"https:\/\/www.petera.se\/blog\/wp-json\/wp\/v2\/posts"}],"about":[{"href":"https:\/\/www.petera.se\/blog\/wp-json\/wp\/v2\/types\/post"}],"author":[{"embeddable":true,"href":"https:\/\/www.petera.se\/blog\/wp-json\/wp\/v2\/users\/2"}],"replies":[{"embeddable":true,"href":"https:\/\/www.petera.se\/blog\/wp-json\/wp\/v2\/comments?post=3177"}],"version-history":[{"count":1,"href":"https:\/\/www.petera.se\/blog\/wp-json\/wp\/v2\/posts\/3177\/revisions"}],"predecessor-version":[{"id":3179,"href":"https:\/\/www.petera.se\/blog\/wp-json\/wp\/v2\/posts\/3177\/revisions\/3179"}],"wp:featuredmedia":[{"embeddable":true,"href":"https:\/\/www.petera.se\/blog\/wp-json\/wp\/v2\/media\/3178"}],"wp:attachment":[{"href":"https:\/\/www.petera.se\/blog\/wp-json\/wp\/v2\/media?parent=3177"}],"wp:term":[{"taxonomy":"category","embeddable":true,"href":"https:\/\/www.petera.se\/blog\/wp-json\/wp\/v2\/categories?post=3177"},{"taxonomy":"post_tag","embeddable":true,"href":"https:\/\/www.petera.se\/blog\/wp-json\/wp\/v2\/tags?post=3177"}],"curies":[{"name":"wp","href":"https:\/\/api.w.org\/{rel}","templated":true}]}}