{"id":3223,"date":"2022-01-20T07:20:00","date_gmt":"2022-01-20T06:20:00","guid":{"rendered":"https:\/\/www.petera.se\/blog\/?p=3223"},"modified":"2022-01-19T20:58:59","modified_gmt":"2022-01-19T19:58:59","slug":"trott-och-less-pa-videomoten","status":"publish","type":"post","link":"https:\/\/www.petera.se\/blog\/trott-och-less-pa-videomoten","title":{"rendered":"Tr\u00f6tt och less p\u00e5 videom\u00f6ten?"},"content":{"rendered":"\n<p>\u00c4r du ocks\u00e5 less p\u00e5 s\u00e5na h\u00e4r sk\u00e4rmbilder med frim\u00e4rksv\u00e4nner? \ud83d\udca5<\/p>\n\n\n\n<p>Det \u00e4r vi med! Men kombinationen pandemi och utvecklingsdag g\u00f6r att det \u00e4r en b\u00e4ttre l\u00f6sning \u00e4n att l\u00e5ta bli! Ig\u00e5r k\u00f6rde vi v\u00e5r 58e tillsammansdag och de \u00e4r f\u00f6r viktiga f\u00f6r att v\u00e4ljas bort. Trots att var och en av oss har b\u00e5de ett och tv\u00e5 och flera viktiga uppdrag hos v\u00e5ra kunder s\u00e5 tar vi oss tiden. \u23f3<\/p>\n\n\n\n<p>En g\u00e5ng i m\u00e5naden \u00e4gnar vi p\u00e5 <a href=\"http:\/\/masarinconsulting.se\" target=\"_blank\" rel=\"noreferrer noopener\" title=\"Masarin Consulting Group\">Masarin Consulting Group<\/a> en hel dag \u00e5t att utveckla oss &#8211; jag som individ, vi som grupp och hela f\u00f6retagets verksamhet. Vi ser kultur som v\u00e5r strategi f\u00f6r att uppn\u00e5 v\u00e5r vision &#8211; att g\u00f6ra positiva avtryck. Och det \u00e4r p\u00e5 dessa dagar som vi bygger och exekverar kulturen. Var och en och alla tillsammans. \ud83d\udc69\u200d\ud83d\udc69\u200d\ud83d\udc67\u200d\ud83d\udc67<\/p>\n\n\n\n<p>Om det kostar pengar? Ja, verkligen! Ifjol tog vi 895 timmar ur produktion f\u00f6r att bygga p\u00e5 v\u00e5r strategi och v\u00e5ra sociala kompetenser. \ud83d\udcb0\ud83d\udcb0<\/p>\n\n\n\n<p>Om det h\u00e4r \u00e4r v\u00e5r kompetensutveckling? Nej nej, vi \u00e4gnade ytterligare 810 timmar \u00e5t individuella utbildningsinsatser f\u00f6r att \u00f6ka v\u00e5ra yrkeskunskaper i b\u00e5de korta och l\u00e5nga program. \ud83d\udcb0\ud83d\udcb0<\/p>\n\n\n\n<p>Eftersom vi bara \u00e4r lite drygt 20 masariner \u00e4r det h\u00e4r en r\u00e4tt stor del av v\u00e5r oms\u00e4ttning., s\u00e5 vi har inte utsetts som gaseller, vi kommer inte vinna n\u00e5gra priser f\u00f6r varken oms\u00e4ttnings- eller resultatrekord. Men detta \u00e4r en viktig del av v\u00e5r identitet och v\u00e5rt syfte. \ud83e\udd48<\/p>\n\n\n\n<p>Vi \u00e4r \u00f6vertygade om kraften i utveckling och \u00f6kad medvetenhet, i kollektivet och individen i t\u00e4t samverkan! \u26a1<\/p>\n\n\n\n<p>Hur \u00e4r det hos er? \ud83e\udd14<\/p>\n\n\n\n<figure class=\"wp-block-image size-large\"><a href=\"https:\/\/www.petera.se\/blog\/wp-content\/uploads\/2022\/01\/Skarmavbild-2022-01-19-kl.-10.32.56.png\"><img decoding=\"async\" width=\"1024\" height=\"640\" src=\"https:\/\/www.petera.se\/blog\/wp-content\/uploads\/2022\/01\/Skarmavbild-2022-01-19-kl.-10.32.56-1024x640.png\" alt=\"\" class=\"wp-image-3224\" srcset=\"https:\/\/www.petera.se\/blog\/wp-content\/uploads\/2022\/01\/Skarmavbild-2022-01-19-kl.-10.32.56-1024x640.png 1024w, https:\/\/www.petera.se\/blog\/wp-content\/uploads\/2022\/01\/Skarmavbild-2022-01-19-kl.-10.32.56-300x188.png 300w, https:\/\/www.petera.se\/blog\/wp-content\/uploads\/2022\/01\/Skarmavbild-2022-01-19-kl.-10.32.56-768x480.png 768w, https:\/\/www.petera.se\/blog\/wp-content\/uploads\/2022\/01\/Skarmavbild-2022-01-19-kl.-10.32.56-1536x960.png 1536w, https:\/\/www.petera.se\/blog\/wp-content\/uploads\/2022\/01\/Skarmavbild-2022-01-19-kl.-10.32.56-2048x1280.png 2048w\" sizes=\"(max-width: 1024px) 100vw, 1024px\" \/><\/a><\/figure>\n","protected":false},"excerpt":{"rendered":"<p>\u00c4r du ocks\u00e5 less p\u00e5 s\u00e5na h\u00e4r sk\u00e4rmbilder med frim\u00e4rksv\u00e4nner? \ud83d\udca5 Det \u00e4r vi med! Men kombinationen pandemi och utvecklingsdag g\u00f6r att det \u00e4r en b\u00e4ttre l\u00f6sning \u00e4n att l\u00e5ta bli! Ig\u00e5r k\u00f6rde vi v\u00e5r 58e tillsammansdag och de \u00e4r f\u00f6r viktiga f\u00f6r att v\u00e4ljas bort. Trots att var och en av oss har b\u00e5de&hellip;<\/p>\n","protected":false},"author":2,"featured_media":3224,"comment_status":"open","ping_status":"open","sticky":false,"template":"","format":"standard","meta":{"ngg_post_thumbnail":0,"footnotes":""},"categories":[5],"tags":[],"class_list":["post-3223","post","type-post","status-publish","format-standard","has-post-thumbnail","hentry","category-om-mig"],"aioseo_notices":[],"_links":{"self":[{"href":"https:\/\/www.petera.se\/blog\/wp-json\/wp\/v2\/posts\/3223","targetHints":{"allow":["GET"]}}],"collection":[{"href":"https:\/\/www.petera.se\/blog\/wp-json\/wp\/v2\/posts"}],"about":[{"href":"https:\/\/www.petera.se\/blog\/wp-json\/wp\/v2\/types\/post"}],"author":[{"embeddable":true,"href":"https:\/\/www.petera.se\/blog\/wp-json\/wp\/v2\/users\/2"}],"replies":[{"embeddable":true,"href":"https:\/\/www.petera.se\/blog\/wp-json\/wp\/v2\/comments?post=3223"}],"version-history":[{"count":2,"href":"https:\/\/www.petera.se\/blog\/wp-json\/wp\/v2\/posts\/3223\/revisions"}],"predecessor-version":[{"id":3227,"href":"https:\/\/www.petera.se\/blog\/wp-json\/wp\/v2\/posts\/3223\/revisions\/3227"}],"wp:featuredmedia":[{"embeddable":true,"href":"https:\/\/www.petera.se\/blog\/wp-json\/wp\/v2\/media\/3224"}],"wp:attachment":[{"href":"https:\/\/www.petera.se\/blog\/wp-json\/wp\/v2\/media?parent=3223"}],"wp:term":[{"taxonomy":"category","embeddable":true,"href":"https:\/\/www.petera.se\/blog\/wp-json\/wp\/v2\/categories?post=3223"},{"taxonomy":"post_tag","embeddable":true,"href":"https:\/\/www.petera.se\/blog\/wp-json\/wp\/v2\/tags?post=3223"}],"curies":[{"name":"wp","href":"https:\/\/api.w.org\/{rel}","templated":true}]}}