{"id":3254,"date":"2024-03-27T13:39:06","date_gmt":"2024-03-27T12:39:06","guid":{"rendered":"https:\/\/www.petera.se\/blog\/?p=3254"},"modified":"2024-04-09T13:40:42","modified_gmt":"2024-04-09T12:40:42","slug":"vad-ar-egentligen-hallbarhet","status":"publish","type":"post","link":"https:\/\/www.petera.se\/blog\/vad-ar-egentligen-hallbarhet","title":{"rendered":"Vad \u00e4r egentligen h\u00e5llbarhet!"},"content":{"rendered":"\n<p>\ud83c\udf31 Vad \u00e4r egentligen h\u00e5llbarhet f\u00f6r dig? F\u00f6r mig \u00e4r det mycket. Bland annat att ta mig ut i l\u00f6parsp\u00e5ret trots tr\u00f6tthet, regn och rusk! \ud83c\udf31<br><br>N\u00e4r vi pratar om h\u00e5llbarhet, handlar diskussionen ofta om klimat och milj\u00f6. Det \u00e4r ju superviktiga \u00e4mnen, men h\u00e5llbarhet \u00e4r s\u00e5 mycket mer. Det \u00e4r folkh\u00e4lsa, tr\u00e4ning, kost och s\u00f6mn. Det \u00e4r stress, balans i livet och psykisk oh\u00e4lsa. Det \u00e4r kriminalitet, utbildning och ungdomsidrott. Det \u00e4r migration, integration och syssels\u00e4ttning. Sj\u00e4lvklart ocks\u00e5 milj\u00f6, palmolja och fossila br\u00e4nslen. H\u00e5llbarhet \u00e4r allt det breda arbete som kr\u00e4vs f\u00f6r att ta itu med alla v\u00e5ra samh\u00e4llsutmaningar.<br><br>Det \u00e4r l\u00e4tt att misstr\u00f6sta av alla problem vi uppm\u00e4rksammas p\u00e5. Det \u00e4r l\u00e4tt att k\u00e4nna hoppl\u00f6shet n\u00e4r det k\u00e4nns som att min del inte spelar n\u00e5gon roll. Det \u00e4r l\u00e4tt att bli irriterad n\u00e4r ansvaret f\u00f6r problem och dess l\u00f6sningar inte f\u00f6rdelas r\u00e4ttvist. Det \u00e4r ocks\u00e5 l\u00e4tt att tappa bort och att gl\u00f6mma alla de framsteg som vi tar inom m\u00e5nga omr\u00e5den n\u00e4r media visar upp alla negativa nyheter.<br><br>Jag hoppas att vi kan m\u00f6tas i samtal och att vi kan st\u00f6tta varandra att ta de d\u00e4r sm\u00e5 stegen som bidrar till \u00f6kad samh\u00e4llsnytta, en \u00f6kad h\u00e5llbarhet. Att vi kan hj\u00e4lpa oss igenom alla hinder som st\u00e5r i v\u00e4gen. Och g\u00f6ra det som \u00e4r m\u00f6jligt och intressant f\u00f6r var och en av oss. Att k\u00e4nna mer vill och kan ist\u00e4llet f\u00f6r skuld och skam!<br><br>F\u00f6r mig personligen, tog jag mig an h\u00e5llbarhet ig\u00e5r kv\u00e4ll genom att tr\u00e4na l\u00f6pning. Oavsett v\u00e4der f\u00f6rs\u00f6ker jag vara ute f\u00f6r att tr\u00e4na inf\u00f6r v\u00e5rens kommande <a href=\"https:\/\/www.linkedin.com\/feed\/hashtag\/?keywords=g%C3%B6teborgsvarv&amp;highlightedUpdateUrns=urn%3Ali%3Aactivity%3A7178270701466890240\">hashtag#G\u00f6teborgsvarv<\/a>, det \u00e4r n\u00e5got som intresserar och motiverar mig. Samtidigt bidrar det till att f\u00f6rb\u00e4ttra eller bibeh\u00e5lla min fysiska h\u00e4lsa, vilket i sin tur bidrar till mitt mentala v\u00e4lbefinnande. P\u00e5 det s\u00e4ttet h\u00e5ller min kropp l\u00e4ngre och jag bidrar till ett friskt och v\u00e4lm\u00e5ende samh\u00e4lle. Ett h\u00e5llbart samh\u00e4lle. Det \u00e4r ett s\u00e4tt att integrera h\u00e5llbarhet i mitt dagliga liv.<br><br>Har du st\u00e4llt dig fr\u00e5gan, vad \u00e4r intressant f\u00f6r dig? \ud83c\udf1f<\/p>\n","protected":false},"excerpt":{"rendered":"<p>\ud83c\udf31 Vad \u00e4r egentligen h\u00e5llbarhet f\u00f6r dig? F\u00f6r mig \u00e4r det mycket. Bland annat att ta mig ut i l\u00f6parsp\u00e5ret trots tr\u00f6tthet, regn och rusk! \ud83c\udf31 N\u00e4r vi pratar om h\u00e5llbarhet, handlar diskussionen ofta om klimat och milj\u00f6. Det \u00e4r ju superviktiga \u00e4mnen, men h\u00e5llbarhet \u00e4r s\u00e5 mycket mer. Det \u00e4r folkh\u00e4lsa, tr\u00e4ning, kost och&hellip;<\/p>\n","protected":false},"author":2,"featured_media":3255,"comment_status":"open","ping_status":"open","sticky":false,"template":"","format":"standard","meta":{"ngg_post_thumbnail":0,"footnotes":""},"categories":[8],"tags":[1354,925,316,1355,488],"class_list":["post-3254","post","type-post","status-publish","format-standard","has-post-thumbnail","hentry","category-varlden","tag-folkhalsa","tag-hallbarhet","tag-miljo","tag-samhallsutmaningar","tag-traning"],"aioseo_notices":[],"_links":{"self":[{"href":"https:\/\/www.petera.se\/blog\/wp-json\/wp\/v2\/posts\/3254","targetHints":{"allow":["GET"]}}],"collection":[{"href":"https:\/\/www.petera.se\/blog\/wp-json\/wp\/v2\/posts"}],"about":[{"href":"https:\/\/www.petera.se\/blog\/wp-json\/wp\/v2\/types\/post"}],"author":[{"embeddable":true,"href":"https:\/\/www.petera.se\/blog\/wp-json\/wp\/v2\/users\/2"}],"replies":[{"embeddable":true,"href":"https:\/\/www.petera.se\/blog\/wp-json\/wp\/v2\/comments?post=3254"}],"version-history":[{"count":1,"href":"https:\/\/www.petera.se\/blog\/wp-json\/wp\/v2\/posts\/3254\/revisions"}],"predecessor-version":[{"id":3256,"href":"https:\/\/www.petera.se\/blog\/wp-json\/wp\/v2\/posts\/3254\/revisions\/3256"}],"wp:featuredmedia":[{"embeddable":true,"href":"https:\/\/www.petera.se\/blog\/wp-json\/wp\/v2\/media\/3255"}],"wp:attachment":[{"href":"https:\/\/www.petera.se\/blog\/wp-json\/wp\/v2\/media?parent=3254"}],"wp:term":[{"taxonomy":"category","embeddable":true,"href":"https:\/\/www.petera.se\/blog\/wp-json\/wp\/v2\/categories?post=3254"},{"taxonomy":"post_tag","embeddable":true,"href":"https:\/\/www.petera.se\/blog\/wp-json\/wp\/v2\/tags?post=3254"}],"curies":[{"name":"wp","href":"https:\/\/api.w.org\/{rel}","templated":true}]}}