{"id":3288,"date":"2025-02-23T11:41:39","date_gmt":"2025-02-23T10:41:39","guid":{"rendered":"https:\/\/www.petera.se\/blog\/?p=3288"},"modified":"2025-02-23T11:41:41","modified_gmt":"2025-02-23T10:41:41","slug":"filosofie-kandidatexamen-i-kreativt-skrivande","status":"publish","type":"post","link":"https:\/\/www.petera.se\/blog\/filosofie-kandidatexamen-i-kreativt-skrivande","title":{"rendered":"Filosofie kandidatexamen i Kreativt skrivande"},"content":{"rendered":"\n<p>Jag har \u00e4ntligen f\u00e5tt mitt examensbevis f\u00f6r min Filosofie kandidat i Kreativt skrivande som jag pluggat p\u00e5 <a href=\"https:\/\/www.umu.se\" title=\"\">Ume\u00e5 University<\/a>! \ud83c\udf93\ud83c\udf89<br><br>\ud83c\udfc3\ud83c\udffd Jag firade med ett l\u00e5ngpass genom G\u00f6teborg f\u00f6r att \u00e4ra min kropp och min fysiska tr\u00e4ning som hj\u00e4lper mig att fokusera och orka med b\u00e5de jobb och studier. N\u00e4r jag tog min f\u00f6rra examen i psykologi 2018 firade jag p\u00e5 samma s\u00e4tt, men d\u00e5 genom att springa genom Sundsvall och ta en bild p\u00e5 Sundsvallsbron. Den h\u00e4r g\u00e5ngen var det ett annat \u00e4mne, en annan stad och jag fotade mig \u00f6ver en annan bro, men temat var samma, livsl\u00e5ngt l\u00e4rande och fysisk tr\u00e4ning.<br><br>\ud83d\udcda Jag studerade fr\u00e5n 2007 till 2018 (med uppeh\u00e5ll som engagerad idrottsf\u00f6r\u00e4lder i Nolby Alpina, Granlo BK och Sel\u00e5nger SK) f\u00f6r att klara av de f\u00f6rsta 180 hp som kr\u00e4vdes f\u00f6r psykologiexamen. F\u00f6r att n\u00e5 examen i kreativt skrivande har jag parallellt med jobb och annat studerat p\u00e5 hel- och halvtid 2018-2024 b\u00e5de i Ume\u00e5 men ocks\u00e5 i Kristianstad, Lund, Link\u00f6ping och Karlstad.<br><br>\ud83e\udde0 Jag anv\u00e4nder mig varje dag av s\u00e5dant jag l\u00e4rt mig. Sociologi, psykologi, kognition och folkh\u00e4lsa som ledarskapsutvecklare p\u00e5 <a href=\"https:\/\/www.masarinconsulting.se\" title=\"\">Masarin Consulting Group<\/a>. Nationalekonomi, makroekonomi, ekonomisk historia, milj\u00f6ekonomi, manligt v\u00e5ld och antropologi som engagerad entrepren\u00f6r och medborgare. Och nu har jag en fin grund att utg\u00e5 ifr\u00e5n som f\u00f6rfattare.<br><br>\ud83d\ude4f\ud83c\udffc Det \u00e4r en fantastisk ynnest att kunna ta del av s\u00e5 mycket kunskaper och kompetens p\u00e5 alla svenska l\u00e4ros\u00e4ten. Och det \u00e4r dessutom helt gratis! M\u00f6jligheterna till livsl\u00e5ngt l\u00e4rande \u00e4r n\u00e4stan obegr\u00e4nsade!<br><br>\ud83d\udcc6 Antagning till h\u00f6stens kurser st\u00e4nger 15 april. Det finns m\u00e5nga sp\u00e4nnande distankurser att s\u00f6ka. P\u00e5 hel-, halv- och kvartsfart. Det passar alla! S\u00f6k p\u00e5 <a href=\"http:\/\/www.antagning.se\" title=\"\">www.antagning.se<\/a>!<br><br><a href=\"https:\/\/www.linkedin.com\/search\/results\/all\/?keywords=%23livsl%C3%A5ngtl%C3%A4rande&amp;origin=HASH_TAG_FROM_FEED\">#livsl\u00e5ngtl\u00e4rande<\/a> <a href=\"https:\/\/www.linkedin.com\/search\/results\/all\/?keywords=%23universitet&amp;origin=HASH_TAG_FROM_FEED\">#universitet<\/a> <a href=\"https:\/\/www.linkedin.com\/search\/results\/all\/?keywords=%23examen&amp;origin=HASH_TAG_FROM_FEED\">#examen<\/a> <a href=\"https:\/\/www.linkedin.com\/search\/results\/all\/?keywords=%23firande&amp;origin=HASH_TAG_FROM_FEED\">#firande<\/a> <a href=\"https:\/\/www.linkedin.com\/search\/results\/all\/?keywords=%23l%C3%B6pning&amp;origin=HASH_TAG_FROM_FEED\">#l\u00f6pning<\/a><\/p>\n","protected":false},"excerpt":{"rendered":"<p>Jag har \u00e4ntligen f\u00e5tt mitt examensbevis f\u00f6r min Filosofie kandidat i Kreativt skrivande som jag pluggat p\u00e5 Ume\u00e5 University! \ud83c\udf93\ud83c\udf89 \ud83c\udfc3\ud83c\udffd Jag firade med ett l\u00e5ngpass genom G\u00f6teborg f\u00f6r att \u00e4ra min kropp och min fysiska tr\u00e4ning som hj\u00e4lper mig att fokusera och orka med b\u00e5de jobb och studier. N\u00e4r jag tog min f\u00f6rra examen&hellip;<\/p>\n","protected":false},"author":2,"featured_media":3289,"comment_status":"open","ping_status":"open","sticky":false,"template":"","format":"standard","meta":{"ngg_post_thumbnail":0,"footnotes":""},"categories":[5],"tags":[1368,1369,1367,1347,1371,950,1298],"class_list":["post-3288","post","type-post","status-publish","format-standard","has-post-thumbnail","hentry","category-om-mig","tag-examen","tag-kandidat","tag-kreativt-skrivande","tag-litteraturvetenskap","tag-livslangt-larande","tag-lopning","tag-universitet"],"aioseo_notices":[],"_links":{"self":[{"href":"https:\/\/www.petera.se\/blog\/wp-json\/wp\/v2\/posts\/3288","targetHints":{"allow":["GET"]}}],"collection":[{"href":"https:\/\/www.petera.se\/blog\/wp-json\/wp\/v2\/posts"}],"about":[{"href":"https:\/\/www.petera.se\/blog\/wp-json\/wp\/v2\/types\/post"}],"author":[{"embeddable":true,"href":"https:\/\/www.petera.se\/blog\/wp-json\/wp\/v2\/users\/2"}],"replies":[{"embeddable":true,"href":"https:\/\/www.petera.se\/blog\/wp-json\/wp\/v2\/comments?post=3288"}],"version-history":[{"count":1,"href":"https:\/\/www.petera.se\/blog\/wp-json\/wp\/v2\/posts\/3288\/revisions"}],"predecessor-version":[{"id":3290,"href":"https:\/\/www.petera.se\/blog\/wp-json\/wp\/v2\/posts\/3288\/revisions\/3290"}],"wp:featuredmedia":[{"embeddable":true,"href":"https:\/\/www.petera.se\/blog\/wp-json\/wp\/v2\/media\/3289"}],"wp:attachment":[{"href":"https:\/\/www.petera.se\/blog\/wp-json\/wp\/v2\/media?parent=3288"}],"wp:term":[{"taxonomy":"category","embeddable":true,"href":"https:\/\/www.petera.se\/blog\/wp-json\/wp\/v2\/categories?post=3288"},{"taxonomy":"post_tag","embeddable":true,"href":"https:\/\/www.petera.se\/blog\/wp-json\/wp\/v2\/tags?post=3288"}],"curies":[{"name":"wp","href":"https:\/\/api.w.org\/{rel}","templated":true}]}}