{"id":392,"date":"2008-11-02T21:41:59","date_gmt":"2008-11-02T20:41:59","guid":{"rendered":"http:\/\/www.petera.se\/blog\/?p=392"},"modified":"2008-11-26T23:11:19","modified_gmt":"2008-11-26T22:11:19","slug":"jag-och-ernst","status":"publish","type":"post","link":"https:\/\/www.petera.se\/blog\/jag-och-ernst","title":{"rendered":"Jag och Ernst"},"content":{"rendered":"<p>Wow, s\u00e5 har jag \u00e4ntligen varit Ernst. Efter ett par veckors blandning av f\u00f6rv\u00e4ntan och \u00e5ngest gick 40-\u00e5rsfesten av stapeln ig\u00e5r :)\u00a0Med gr\u00e5sprejade tinningar och barfota f\u00f6tter omh\u00f6ljdes jag av festen och alla m\u00e4nniskor. Det visade sig att Ernst var en lite annan personlighet \u00e4n jag s\u00e5 jag, jag menar Ernst ;)\u00a0kramade alla jag tr\u00e4ffade oavsett om jag k\u00e4nde dem eller ej, m\u00e4n eller kvinnor. Roligt sociologiskt experiment mitt i allt detta eftersom jag upplevde att inte alla\u00a0tyckte att det var\u00a0en angen\u00e4m \u00f6verraskning att f\u00e5 en kram av en ok\u00e4nd m\u00e4nniska utkl\u00e4dd till Ernst :) Som dessutom h\u00f6ll i ganska l\u00e4nge, och dessf\u00f6rinnan t\u00e4nt v\u00e4rmeljus och lullat med blad f\u00f6r att f\u00e5 det extra fint och mysigt p\u00e5 bordet.<\/p>\n<p>Men kul var det, och extra mysigt att g\u00e5 barfota och k\u00e4nna v\u00e4rmen och texturen fr\u00e5n golvet under f\u00f6tterna \u00e4ndras beroende p\u00e5 var jag befann mig ;)<\/p>\n<p>Jag sitter just nu och studerar Baumans syn p\u00e5 postmodernismen och fick just en enorm aha-upplevelse av hans beskrivning av den nya postmoderniteten d\u00e4r de intellektuella \u00e4r uttolkare ist\u00e4llet f\u00f6r lagstiftare. &#8221;<em>F\u00f6rlorad \u00e4r vissheten och r\u00e4tten att avg\u00f6ra vad som \u00e4r sanning och med dem sj\u00e4lvs\u00e4kerheten&#8230;<\/em>&#8221; och det l\u00e5ter precis som ett f\u00f6rst\u00e5elsekliv d\u00e4r jag f\u00f6rst\u00e5r mer och blir \u00f6dmjukare, men ocks\u00e5 mindre effektiv eftersom det pl\u00f6tsligt kr\u00e4vs fler beslut och v\u00e4gval. Det liknar ocks\u00e5 NVC och Giraffspr\u00e5ket eftersom vi d\u00e4r f\u00f6rs\u00f6ker komma bort fr\u00e5n kategoriseringar och f\u00f6r snabba best\u00e4mda uppfattningar. Det finns annat bakom och det beh\u00f6ver vi f\u00f6rs\u00f6ka tolka, g\u00e4rna med v\u00e5r medm\u00e4nniskas hj\u00e4lp.<\/p>\n<p>Det \u00e4r aldrig f\u00f6rsent att f\u00f6rbluffas :)<\/p>\n","protected":false},"excerpt":{"rendered":"<p>Wow, s\u00e5 har jag \u00e4ntligen varit Ernst. Efter ett par veckors blandning av f\u00f6rv\u00e4ntan och \u00e5ngest gick 40-\u00e5rsfesten av stapeln ig\u00e5r :)\u00a0Med gr\u00e5sprejade tinningar och barfota f\u00f6tter omh\u00f6ljdes jag av festen och alla m\u00e4nniskor. Det visade sig att Ernst var en lite annan personlighet \u00e4n jag s\u00e5 jag, jag menar Ernst ;)\u00a0kramade alla jag tr\u00e4ffade&hellip;<\/p>\n","protected":false},"author":2,"featured_media":0,"comment_status":"open","ping_status":"open","sticky":false,"template":"","format":"standard","meta":{"ngg_post_thumbnail":0,"footnotes":""},"categories":[5],"tags":[312,298,244,297,71],"class_list":["post-392","post","type-post","status-publish","format-standard","hentry","category-om-mig","tag-bauman","tag-fest","tag-giraffspraket","tag-maskerad","tag-sociologi"],"aioseo_notices":[],"_links":{"self":[{"href":"https:\/\/www.petera.se\/blog\/wp-json\/wp\/v2\/posts\/392","targetHints":{"allow":["GET"]}}],"collection":[{"href":"https:\/\/www.petera.se\/blog\/wp-json\/wp\/v2\/posts"}],"about":[{"href":"https:\/\/www.petera.se\/blog\/wp-json\/wp\/v2\/types\/post"}],"author":[{"embeddable":true,"href":"https:\/\/www.petera.se\/blog\/wp-json\/wp\/v2\/users\/2"}],"replies":[{"embeddable":true,"href":"https:\/\/www.petera.se\/blog\/wp-json\/wp\/v2\/comments?post=392"}],"version-history":[{"count":5,"href":"https:\/\/www.petera.se\/blog\/wp-json\/wp\/v2\/posts\/392\/revisions"}],"predecessor-version":[{"id":394,"href":"https:\/\/www.petera.se\/blog\/wp-json\/wp\/v2\/posts\/392\/revisions\/394"}],"wp:attachment":[{"href":"https:\/\/www.petera.se\/blog\/wp-json\/wp\/v2\/media?parent=392"}],"wp:term":[{"taxonomy":"category","embeddable":true,"href":"https:\/\/www.petera.se\/blog\/wp-json\/wp\/v2\/categories?post=392"},{"taxonomy":"post_tag","embeddable":true,"href":"https:\/\/www.petera.se\/blog\/wp-json\/wp\/v2\/tags?post=392"}],"curies":[{"name":"wp","href":"https:\/\/api.w.org\/{rel}","templated":true}]}}