{"id":47,"date":"2008-03-15T14:29:13","date_gmt":"2008-03-15T12:29:13","guid":{"rendered":"http:\/\/www.petera.se\/blog\/tibet-sa-var-vi-dar-igen"},"modified":"2011-12-18T12:11:19","modified_gmt":"2011-12-18T10:11:19","slug":"tibet-sa-var-vi-dar-igen","status":"publish","type":"post","link":"https:\/\/www.petera.se\/blog\/tibet-sa-var-vi-dar-igen","title":{"rendered":"Tibet &#8211; s\u00e5 var vi d\u00e4r igen"},"content":{"rendered":"<p>Carl Bildt skriver p\u00e5 sin <a href=\"http:\/\/carlbildt.wordpress.com\/2008\/03\/15\/respektera-tibet\/\">blogg<\/a> &#8221;<em>D\u00e5 har vi anledning att erinra Kina om dess skyldigheter att fullt ut respekrera den tibetanska kulturen och traditionen och att visa st\u00f6rsta m\u00f6jliga \u00e5terh\u00e5llsamhet.<\/em>&#8221;. Jag hakar inte upp mig p\u00e5 stavfelet :) Jag hakar upp mig p\u00e5 den tr\u00e5kiga retoriken. Kina g\u00e5r \u00e5ter igen in i Tibet med maximalt v\u00e5ld och maximal grymhet och en total of\u00f6rst\u00e5else f\u00f6r m\u00e4nskliga r\u00e4ttigheter. Vad s\u00e4ger d\u00e5 myran till elefanten:<\/p>\n<p>1) <strong>Vi har anledning.<\/strong>\u00a0Bildt s\u00e4ger inte att vi ska g\u00f6ra n\u00e5got, men identifierar en anledning. Det \u00e4r ju imponerande. Not!<\/p>\n<p>2) <strong>Att erinra<\/strong>. Erinra \u00e4r att p\u00e5minna, uppm\u00e4rksamma men kan ocks\u00e5 vara en formell inv\u00e4ndning. Jag undrar just vad Sverige t\u00e4nker g\u00f6ra. Eller nej, det undrar jag inte alls.<\/p>\n<p>3) <strong>Skyldigheter att fullt ut respektera den tibetanska kulturen och traditionen<\/strong>. Varf\u00f6r skulle Kina \u00e4ndra p\u00e5 sitt redan inslagna\u00a0beteende f\u00f6r att Sverige har &#8221;anledning&#8221; att &#8221;erinra&#8221;. Det har ju knappast hj\u00e4lpt f\u00f6rut och kommer inte att hj\u00e4lpa nu.<\/p>\n<p>4)<strong>\u00a0Att visa st\u00f6rsta m\u00f6jliga \u00e5terh\u00e5llsamhet<\/strong>. Och det \u00e4r ju tydligt s\u00e5 det f\u00f6rsl\u00e5r. Not, igen. Ordet &#8221;m\u00f6jliga&#8221; ger ju Kina r\u00e4tten till tolkningen, och varf\u00f6r skulle de i det h\u00e4r l\u00e4get, bara\u00a0f\u00f6r att myran Sverige erinrar dem, komma p\u00e5 att &#8221;Oj, vi har inte visat st\u00f6rsta m\u00f6jliga \u00e5terh\u00e5llsamhet!?&#8221; och s\u00e5 \u00e4ndrar dom p\u00e5 sig. Det \u00e4r p\u00e5 samma s\u00e4tt som vi sk\u00e4ller p\u00e5 en klass f\u00f6r att tv\u00e5 grabbar kastat sn\u00f6boll p\u00e5 rasten och l\u00e4rare. De som beh\u00f6ver ha tillr\u00e4ttavisningen fattar ofta inte, eller lyssnar inte. De som sk\u00f6tt sig tar \u00e5t sig och f\u00f6rs\u00f6ker b\u00e4ttra sig \u00e4nnu mer. P\u00e5 samma s\u00e4tt \u00e4r det h\u00e4r. Inte fasen tar Kina \u00e5t sig av detta och utv\u00e4rderar m\u00f6jligheten att vara \u00e4nnu mer \u00e5terh\u00e5llsam. Fasen, bara ordet \u00e5terh\u00e5llsam v\u00e4cker ju en morbid munterhet n\u00e4r det anv\u00e4nds i samma mening som landet Kina!<\/p>\n<p>S\u00e5 vad s\u00e4ger\u00a0Sveriges utrikesminister\u00a0spontant efter nyheterna om att Kina g\u00f6r det Kina alltid gjort. Han s\u00e4ger att vi fattat att vi skulle kunna p\u00e5minna Kina. Vi kommer nog inte att g\u00f6ra det, men vi m\u00e5ste ju s\u00e4ga n\u00e5t. Om vi skulle v\u00e5ga s\u00e4ga n\u00e5got till Kina, s\u00e5 skulle vi p\u00e5minna dom om ansvaret att utv\u00e4rdera sina handlingar f\u00f6r att se om de g\u00e5r att g\u00f6ra b\u00e4ttre. Det vill s\u00e4ga, vi s\u00e4ger inte att dom gjort fel, det v\u00e5gar vi antagligen inte, utan vi s\u00e4ger att dom borde t\u00e4nka \u00f6ver det dom g\u00f6r. Men inte ens det s\u00e4ger vi f\u00f6r vi har inte tagit det steget.<\/p>\n<p>\u00c4n s\u00e5 l\u00e4nge s\u00e5 har vi bara fattat att vi skulle kunna. Rent hypotetiskt allts\u00e5!<\/p>\n<p>Nej, nu \u00e4r vi d\u00e4r igen. Diktaturen Kina v\u00e5ldtar, sk\u00f6vlar och m\u00f6rdar. Inte en j\u00e4vel bryr sig. Tibetanerna hunsas och utrotas och v\u00e4rlden kniper k\u00e4ft. F\u00f6r hur skulle det se ut&#8230;<\/p>\n","protected":false},"excerpt":{"rendered":"<p>Carl Bildt skriver p\u00e5 sin blogg &#8221;D\u00e5 har vi anledning att erinra Kina om dess skyldigheter att fullt ut respekrera den tibetanska kulturen och traditionen och att visa st\u00f6rsta m\u00f6jliga \u00e5terh\u00e5llsamhet.&#8221;. Jag hakar inte upp mig p\u00e5 stavfelet :) Jag hakar upp mig p\u00e5 den tr\u00e5kiga retoriken. Kina g\u00e5r \u00e5ter igen in i Tibet med&hellip;<\/p>\n","protected":false},"author":2,"featured_media":0,"comment_status":"open","ping_status":"open","sticky":false,"template":"","format":"standard","meta":{"ngg_post_thumbnail":0,"footnotes":""},"categories":[4,8],"tags":[12,11,10,13,9],"class_list":["post-47","post","type-post","status-publish","format-standard","hentry","category-manniskor","category-varlden","tag-bildt","tag-humanism","tag-kina","tag-manskliga-rattigheter","tag-tibet"],"aioseo_notices":[],"_links":{"self":[{"href":"https:\/\/www.petera.se\/blog\/wp-json\/wp\/v2\/posts\/47","targetHints":{"allow":["GET"]}}],"collection":[{"href":"https:\/\/www.petera.se\/blog\/wp-json\/wp\/v2\/posts"}],"about":[{"href":"https:\/\/www.petera.se\/blog\/wp-json\/wp\/v2\/types\/post"}],"author":[{"embeddable":true,"href":"https:\/\/www.petera.se\/blog\/wp-json\/wp\/v2\/users\/2"}],"replies":[{"embeddable":true,"href":"https:\/\/www.petera.se\/blog\/wp-json\/wp\/v2\/comments?post=47"}],"version-history":[{"count":1,"href":"https:\/\/www.petera.se\/blog\/wp-json\/wp\/v2\/posts\/47\/revisions"}],"predecessor-version":[{"id":2249,"href":"https:\/\/www.petera.se\/blog\/wp-json\/wp\/v2\/posts\/47\/revisions\/2249"}],"wp:attachment":[{"href":"https:\/\/www.petera.se\/blog\/wp-json\/wp\/v2\/media?parent=47"}],"wp:term":[{"taxonomy":"category","embeddable":true,"href":"https:\/\/www.petera.se\/blog\/wp-json\/wp\/v2\/categories?post=47"},{"taxonomy":"post_tag","embeddable":true,"href":"https:\/\/www.petera.se\/blog\/wp-json\/wp\/v2\/tags?post=47"}],"curies":[{"name":"wp","href":"https:\/\/api.w.org\/{rel}","templated":true}]}}