{"id":525,"date":"2008-12-19T17:57:45","date_gmt":"2008-12-19T16:57:45","guid":{"rendered":"http:\/\/www.petera.se\/blog\/?p=525"},"modified":"2008-12-19T17:58:24","modified_gmt":"2008-12-19T16:58:24","slug":"kritstreck-rockar","status":"publish","type":"post","link":"https:\/\/www.petera.se\/blog\/kritstreck-rockar","title":{"rendered":"Kritstreck rockar"},"content":{"rendered":"<p>Ja, vad s\u00e4ger man. P\u00e5 bara ett par dagar har laptoppen kraschat och \u00e4r halvv\u00e4gs till HPs center i Polen (!) och min mobiltelefon blivit snodd (polisrapporten \u00e4r\u00a0scannad och mejlad till Stockholm f\u00f6r att f\u00e5 ut en ny) :( Det \u00e4r ju s\u00e5 att man, eller jag menar jag, suckar ihj\u00e4lp sig.<\/p>\n<p>Men som Orup sjunger, &#8221;Ingenting kan krossa mig&#8230;&#8221; s\u00e5 skiter jag v\u00e4l i sm\u00e5 triviala ting. Just nu har jag kritstrecken p\u00e5 mig, vit skjorta och en r\u00f6d kreation kring halsen. Skumt, l\u00e4nge sedan jag hade r\u00f6d slips. Kritstreck d\u00e4remot har jag varje vecka. Det trodde jag aldrig f\u00f6r tio \u00e5r sen tror jag :)<\/p>\n<p>Med n\u00e5gra slurkar gott vin i magen och en middag med Mias arbetskompisar framf\u00f6r mig m\u00e5r jag s\u00e5 mycket b\u00e4ttre. Barnen hos mormor, och vi sl\u00e4ppta ut till samtal, god mat och gott vin, trevliga m\u00e4nniskor och nya upplevelser. Det \u00e4r s\u00e5 att man kan gl\u00f6mma alla sorger med prylar&#8230;<\/p>\n<p>Lev v\u00e4l, f\u00f6r det g\u00f6r jag. Jag m\u00e5r fortfarande bra av att jag fick full pott p\u00e5 f\u00f6rsta examinationen i statistik :)<\/p>\n","protected":false},"excerpt":{"rendered":"<p>Ja, vad s\u00e4ger man. P\u00e5 bara ett par dagar har laptoppen kraschat och \u00e4r halvv\u00e4gs till HPs center i Polen (!) och min mobiltelefon blivit snodd (polisrapporten \u00e4r\u00a0scannad och mejlad till Stockholm f\u00f6r att f\u00e5 ut en ny) :( Det \u00e4r ju s\u00e5 att man, eller jag menar jag, suckar ihj\u00e4lp sig. Men som Orup&hellip;<\/p>\n","protected":false},"author":2,"featured_media":0,"comment_status":"open","ping_status":"open","sticky":false,"template":"","format":"standard","meta":{"ngg_post_thumbnail":0,"footnotes":""},"categories":[5],"tags":[298,326,220],"class_list":["post-525","post","type-post","status-publish","format-standard","hentry","category-om-mig","tag-fest","tag-slips","tag-teknik"],"aioseo_notices":[],"_links":{"self":[{"href":"https:\/\/www.petera.se\/blog\/wp-json\/wp\/v2\/posts\/525","targetHints":{"allow":["GET"]}}],"collection":[{"href":"https:\/\/www.petera.se\/blog\/wp-json\/wp\/v2\/posts"}],"about":[{"href":"https:\/\/www.petera.se\/blog\/wp-json\/wp\/v2\/types\/post"}],"author":[{"embeddable":true,"href":"https:\/\/www.petera.se\/blog\/wp-json\/wp\/v2\/users\/2"}],"replies":[{"embeddable":true,"href":"https:\/\/www.petera.se\/blog\/wp-json\/wp\/v2\/comments?post=525"}],"version-history":[{"count":2,"href":"https:\/\/www.petera.se\/blog\/wp-json\/wp\/v2\/posts\/525\/revisions"}],"predecessor-version":[{"id":527,"href":"https:\/\/www.petera.se\/blog\/wp-json\/wp\/v2\/posts\/525\/revisions\/527"}],"wp:attachment":[{"href":"https:\/\/www.petera.se\/blog\/wp-json\/wp\/v2\/media?parent=525"}],"wp:term":[{"taxonomy":"category","embeddable":true,"href":"https:\/\/www.petera.se\/blog\/wp-json\/wp\/v2\/categories?post=525"},{"taxonomy":"post_tag","embeddable":true,"href":"https:\/\/www.petera.se\/blog\/wp-json\/wp\/v2\/tags?post=525"}],"curies":[{"name":"wp","href":"https:\/\/api.w.org\/{rel}","templated":true}]}}