{"id":528,"date":"2008-12-22T18:46:36","date_gmt":"2008-12-22T17:46:36","guid":{"rendered":"http:\/\/www.petera.se\/blog\/?p=528"},"modified":"2008-12-22T18:47:52","modified_gmt":"2008-12-22T17:47:52","slug":"ahhhjulkortet-klart","status":"publish","type":"post","link":"https:\/\/www.petera.se\/blog\/ahhhjulkortet-klart","title":{"rendered":"Ahhh&#8230;julkortet klart"},"content":{"rendered":"<p><img decoding=\"async\" class=\"alignleft size-large wp-image-529\" title=\"julkort-2008\" src=\"https:\/\/www.petera.se\/blog\/wp-content\/uploads\/2008\/12\/julkort-2008-1024x682.jpg\" alt=\"julkort-2008\" width=\"1024\" height=\"682\" srcset=\"https:\/\/www.petera.se\/blog\/wp-content\/uploads\/2008\/12\/julkort-2008-1024x682.jpg 1024w, https:\/\/www.petera.se\/blog\/wp-content\/uploads\/2008\/12\/julkort-2008-300x200.jpg 300w, https:\/\/www.petera.se\/blog\/wp-content\/uploads\/2008\/12\/julkort-2008.jpg 1800w\" sizes=\"(max-width: 1024px) 100vw, 1024px\" \/>En av julens stora vederm\u00f6dor och ambitionsf\u00e4llor \u00e4r f\u00e4rdig &#8211; julkortet. Denna t\u00e4vlan i innovation, kreativitet och teknisk produktion :) Som \u00e4r s\u00e5 skoj, men som alltid blir s\u00e5 intensiv eftersom vi, eller jag,\u00a0alltid \u00e4r ute i\u00a0den sista sekund. Det h\u00e4r \u00e5ret g\u00e5r v\u00e4l inte till rekordb\u00f6ckerna som det b\u00e4sta julkort vi gjort, men hey, en halvtimmes fotograferande i sn\u00f6h\u00f6gen och kylsk\u00e5pet och en halvtimmes redigerande i datorn&#8230;d\u00e5 blir det s\u00e5 h\u00e4r :)<\/p>\n<p>Det viktiga \u00e4r att det bakom detta kort finns en innerlig \u00f6nskan om att ni alla f\u00e5r en lugn och sk\u00f6n jul och att alla era behov blir tillgodosedda och att alla era drivkrafter kan f\u00e5 ligga p\u00e5 rulle ett tag. Vila \u00e4r n\u00e5got vi alla beh\u00f6ver&#8230;<\/p>\n<p>G O D\u00a0\u00a0 J U L\u00a0 \u00a0o c h\u00a0\u00a0 G O T T\u00a0\u00a0 N Y T T\u00a0\u00a0 \u00c5 R<\/p>\n","protected":false},"excerpt":{"rendered":"<p>En av julens stora vederm\u00f6dor och ambitionsf\u00e4llor \u00e4r f\u00e4rdig &#8211; julkortet. Denna t\u00e4vlan i innovation, kreativitet och teknisk produktion :) Som \u00e4r s\u00e5 skoj, men som alltid blir s\u00e5 intensiv eftersom vi, eller jag,\u00a0alltid \u00e4r ute i\u00a0den sista sekund. Det h\u00e4r \u00e5ret g\u00e5r v\u00e4l inte till rekordb\u00f6ckerna som det b\u00e4sta julkort vi gjort, men hey,&hellip;<\/p>\n","protected":false},"author":2,"featured_media":0,"comment_status":"open","ping_status":"open","sticky":false,"template":"","format":"standard","meta":{"ngg_post_thumbnail":0,"footnotes":""},"categories":[5],"tags":[327],"class_list":["post-528","post","type-post","status-publish","format-standard","hentry","category-om-mig","tag-julkort"],"aioseo_notices":[],"_links":{"self":[{"href":"https:\/\/www.petera.se\/blog\/wp-json\/wp\/v2\/posts\/528","targetHints":{"allow":["GET"]}}],"collection":[{"href":"https:\/\/www.petera.se\/blog\/wp-json\/wp\/v2\/posts"}],"about":[{"href":"https:\/\/www.petera.se\/blog\/wp-json\/wp\/v2\/types\/post"}],"author":[{"embeddable":true,"href":"https:\/\/www.petera.se\/blog\/wp-json\/wp\/v2\/users\/2"}],"replies":[{"embeddable":true,"href":"https:\/\/www.petera.se\/blog\/wp-json\/wp\/v2\/comments?post=528"}],"version-history":[{"count":3,"href":"https:\/\/www.petera.se\/blog\/wp-json\/wp\/v2\/posts\/528\/revisions"}],"predecessor-version":[{"id":531,"href":"https:\/\/www.petera.se\/blog\/wp-json\/wp\/v2\/posts\/528\/revisions\/531"}],"wp:attachment":[{"href":"https:\/\/www.petera.se\/blog\/wp-json\/wp\/v2\/media?parent=528"}],"wp:term":[{"taxonomy":"category","embeddable":true,"href":"https:\/\/www.petera.se\/blog\/wp-json\/wp\/v2\/categories?post=528"},{"taxonomy":"post_tag","embeddable":true,"href":"https:\/\/www.petera.se\/blog\/wp-json\/wp\/v2\/tags?post=528"}],"curies":[{"name":"wp","href":"https:\/\/api.w.org\/{rel}","templated":true}]}}