{"id":533,"date":"2008-12-26T20:56:16","date_gmt":"2008-12-26T19:56:16","guid":{"rendered":"http:\/\/www.petera.se\/blog\/?p=533"},"modified":"2008-12-26T20:56:16","modified_gmt":"2008-12-26T19:56:16","slug":"arne-naess-fascinerande-man","status":"publish","type":"post","link":"https:\/\/www.petera.se\/blog\/arne-naess-fascinerande-man","title":{"rendered":"Arne Naess &#8211; fascinerande man"},"content":{"rendered":"<p>Mitt i julst\u00f6ket och julmyset och v\u00e5nda inf\u00f6r PM-skrivningen i sociologin kollade jag p\u00e5 en dokument\u00e4r om <a href=\"http:\/\/no.wikipedia.org\/wiki\/Arne_N%C3%A6ss\">Arne Naess<\/a> och hans tyggris. Programmet handlade om professor Naess och hans relation och f\u00f6rh\u00e5llningss\u00e4tt till den lilla grisen. F\u00f6r honom var grisen en levande varelse och han var fullkomligt medveten, trots 96 \u00e5rs \u00e5lder, om att detta sannolikt skulle betraktas som konstigt. Hans f\u00f6rsvar var dels att han g\u00e4rna blev uppfattad som lite konstig, och dels att det var nyttigt f\u00f6r s\u00e5 kallade vuxna att vara barnsliga. Vi fick f\u00f6lja med honom ut i pulkabacken och upp i en luftballong. Fortfarande med samma nyfikenhet och iver som hos ett litet barn.<\/p>\n<p>Det var ett kort och lite tafatt, m\u00f6jligen v\u00f6rdnadsfullt och \u00f6verdrivet allvarligt, program men jag r\u00f6rdes \u00e4nd\u00e5 \u00f6ver Arne Naess lugn och saklighet och hans syn p\u00e5 livet.<\/p>\n<p>Han kommenterade sm\u00e5 saker som satte sig direkt hos mig; &#8221;Det \u00e4r det enkla som \u00e4r det intressanta&#8221; \u00e4r r\u00e4tt sp\u00e4nnande ord fr\u00e5n en man som professerade som 27-\u00e5ring och som skrivit otaliga b\u00f6cker i komplexa \u00e4mnen. Men vi har det med p\u00e5 jobbet och jag str\u00e4var efter det sj\u00e4lv, det enkla \u00e4r det sk\u00f6na.<\/p>\n<p>Men s\u00e5 d\u00e4r v\u00e4rst enkel \u00e4r jag v\u00e4l inte sj\u00e4lv :)<\/p>\n","protected":false},"excerpt":{"rendered":"<p>Mitt i julst\u00f6ket och julmyset och v\u00e5nda inf\u00f6r PM-skrivningen i sociologin kollade jag p\u00e5 en dokument\u00e4r om Arne Naess och hans tyggris. Programmet handlade om professor Naess och hans relation och f\u00f6rh\u00e5llningss\u00e4tt till den lilla grisen. F\u00f6r honom var grisen en levande varelse och han var fullkomligt medveten, trots 96 \u00e5rs \u00e5lder, om att detta&hellip;<\/p>\n","protected":false},"author":2,"featured_media":0,"comment_status":"open","ping_status":"open","sticky":false,"template":"","format":"standard","meta":{"ngg_post_thumbnail":0,"footnotes":""},"categories":[4,5],"tags":[67,328,329,71],"class_list":["post-533","post","type-post","status-publish","format-standard","hentry","category-manniskor","category-om-mig","tag-barn","tag-filosofi","tag-norge","tag-sociologi"],"aioseo_notices":[],"_links":{"self":[{"href":"https:\/\/www.petera.se\/blog\/wp-json\/wp\/v2\/posts\/533","targetHints":{"allow":["GET"]}}],"collection":[{"href":"https:\/\/www.petera.se\/blog\/wp-json\/wp\/v2\/posts"}],"about":[{"href":"https:\/\/www.petera.se\/blog\/wp-json\/wp\/v2\/types\/post"}],"author":[{"embeddable":true,"href":"https:\/\/www.petera.se\/blog\/wp-json\/wp\/v2\/users\/2"}],"replies":[{"embeddable":true,"href":"https:\/\/www.petera.se\/blog\/wp-json\/wp\/v2\/comments?post=533"}],"version-history":[{"count":3,"href":"https:\/\/www.petera.se\/blog\/wp-json\/wp\/v2\/posts\/533\/revisions"}],"predecessor-version":[{"id":536,"href":"https:\/\/www.petera.se\/blog\/wp-json\/wp\/v2\/posts\/533\/revisions\/536"}],"wp:attachment":[{"href":"https:\/\/www.petera.se\/blog\/wp-json\/wp\/v2\/media?parent=533"}],"wp:term":[{"taxonomy":"category","embeddable":true,"href":"https:\/\/www.petera.se\/blog\/wp-json\/wp\/v2\/categories?post=533"},{"taxonomy":"post_tag","embeddable":true,"href":"https:\/\/www.petera.se\/blog\/wp-json\/wp\/v2\/tags?post=533"}],"curies":[{"name":"wp","href":"https:\/\/api.w.org\/{rel}","templated":true}]}}