{"id":54,"date":"2008-03-25T12:09:07","date_gmt":"2008-03-25T11:09:07","guid":{"rendered":"http:\/\/www.petera.se\/blog\/ar-man-ledig-sa-ar-man-ledig-eller"},"modified":"2008-03-25T12:09:07","modified_gmt":"2008-03-25T11:09:07","slug":"ar-man-ledig-sa-ar-man-ledig-eller","status":"publish","type":"post","link":"https:\/\/www.petera.se\/blog\/ar-man-ledig-sa-ar-man-ledig-eller","title":{"rendered":"\u00c4r man ledig s\u00e5 \u00e4r man ledig &#8211; eller?"},"content":{"rendered":"<p>Det kommer\u00a0mejl fr\u00e5n en kollega. Ett jobb\u00e4rende. Inget konstigt i sig, om det inte vore f\u00f6r att han \u00e4r p\u00e5 semester i Thailand! Varf\u00f6r \u00e4r vi s\u00e5na, vi ambiti\u00f6sa vill-vara-duktiga m\u00e4nniskor? \u00c4r man\u00a0p\u00e5 semester s\u00e5 ska man v\u00e4l vara\u00a0p\u00e5 semester? Och \u00e4r man sjuk s\u00e5 ska man v\u00e4l vara sjuk och vila s\u00e5 att man blir frisk!? Inte och sitta i mejlsystemet och l\u00f6sa problem som l\u00f6ser sig av sig sj\u00e4lvt om l\u00e5ter bli :)<\/p>\n<p>Jag \u00e4r sj\u00e4lv j\u00e4tted\u00e5lig p\u00e5 att s\u00e4tta och h\u00e5lla s\u00e5dana gr\u00e4nser. L\u00e4rde mig f\u00f6r m\u00e5nga \u00e5r sedan att jag \u00e4r gr\u00e4ns\u00f6verskridande. Det \u00e4r en stor skillnad mot gr\u00e4nsl\u00f6sa personer,\u00a0som inte har n\u00e5gra gr\u00e4nser alls! Gr\u00e4ns\u00f6verskridande m\u00e4nniskor kan visst t\u00e4nka p\u00e5 jobbet hemma, arbeta p\u00e5 kv\u00e4llarna, men de kan ocks\u00e5 g\u00f6ra privata saker p\u00e5 jobbet, och tenderar lika ofta att fundera iv\u00e4g p\u00e5 privata angel\u00e4genheter p\u00e5 ett tr\u00e5kigt jobbm\u00f6te :) De som \u00e4r tydliga med gr\u00e4nser b\u00f6rjar ofta jobbet med att sl\u00e5 p\u00e5 hj\u00e4rnan och kroppen f\u00f6r en ny arbetsdag, och de sl\u00e5r av n\u00e4r de g\u00e5r ut genom grindarna igen. Vi \u00e4r alla olika och beh\u00f6ver olika f\u00f6ruts\u00e4ttningar runt oss.<\/p>\n<p>Jag tror inte att det \u00e4r nyttigt att f\u00f6rs\u00f6ka flytta m\u00e4nniskor mellan de olika grupperna, men jag tror att det \u00e4r nyttigt att alla, oavsett hur\u00a0vi \u00e4r funtade, har tydliga gr\u00e4nser s\u00e5 att vi vet n\u00e4r vi kliver \u00f6ver. Det \u00e4r viktigt f\u00f6r omgiviningen som ser pappa sitta p\u00e5 stranden och mejla ist\u00e4llet f\u00f6r att bada, eller de medarbetare som f\u00e5r ett mejl av den semestrande chefen med sju timmars f\u00f6rskjutning. Men inte minst \u00e4r det viktigt f\u00f6r mig sj\u00e4lv s\u00e5 att jag vet n\u00e4r jag beh\u00f6ver andrum, tid f\u00f6r mig sj\u00e4lv och vila.<\/p>\n<p>Den h\u00e4r\u00a0kollegan i texten, nej det \u00e4r inte jag :) Jag \u00e4r tyv\u00e4rr fortfarande kvar i Sverige d\u00e4r det b\u00f6rjat v\u00e5rsn\u00f6a. Tranorna p\u00e5 Hornborgasj\u00f6n har upplevt den kallaste p\u00e5sken p\u00e5 mycket l\u00e4nge. M\u00e4rkligt &#8211; eller slumpen?<\/p>\n<p>Idag \u00e4r jag vass och m\u00e5r bra av att vara med mig sj\u00e4lv ;)<\/p>\n","protected":false},"excerpt":{"rendered":"<p>Det kommer\u00a0mejl fr\u00e5n en kollega. Ett jobb\u00e4rende. Inget konstigt i sig, om det inte vore f\u00f6r att han \u00e4r p\u00e5 semester i Thailand! Varf\u00f6r \u00e4r vi s\u00e5na, vi ambiti\u00f6sa vill-vara-duktiga m\u00e4nniskor? \u00c4r man\u00a0p\u00e5 semester s\u00e5 ska man v\u00e4l vara\u00a0p\u00e5 semester? Och \u00e4r man sjuk s\u00e5 ska man v\u00e4l vara sjuk och vila s\u00e5 att man&hellip;<\/p>\n","protected":false},"author":2,"featured_media":0,"comment_status":"open","ping_status":"open","sticky":false,"template":"","format":"standard","meta":{"ngg_post_thumbnail":0,"footnotes":""},"categories":[3,4,5],"tags":[111,113,115,114,112,78],"class_list":["post-54","post","type-post","status-publish","format-standard","hentry","category-ledarskap","category-manniskor","category-om-mig","tag-foredome","tag-granser","tag-granslosa","tag-gransoverskridare","tag-semester","tag-sjuk"],"aioseo_notices":[],"_links":{"self":[{"href":"https:\/\/www.petera.se\/blog\/wp-json\/wp\/v2\/posts\/54","targetHints":{"allow":["GET"]}}],"collection":[{"href":"https:\/\/www.petera.se\/blog\/wp-json\/wp\/v2\/posts"}],"about":[{"href":"https:\/\/www.petera.se\/blog\/wp-json\/wp\/v2\/types\/post"}],"author":[{"embeddable":true,"href":"https:\/\/www.petera.se\/blog\/wp-json\/wp\/v2\/users\/2"}],"replies":[{"embeddable":true,"href":"https:\/\/www.petera.se\/blog\/wp-json\/wp\/v2\/comments?post=54"}],"version-history":[{"count":0,"href":"https:\/\/www.petera.se\/blog\/wp-json\/wp\/v2\/posts\/54\/revisions"}],"wp:attachment":[{"href":"https:\/\/www.petera.se\/blog\/wp-json\/wp\/v2\/media?parent=54"}],"wp:term":[{"taxonomy":"category","embeddable":true,"href":"https:\/\/www.petera.se\/blog\/wp-json\/wp\/v2\/categories?post=54"},{"taxonomy":"post_tag","embeddable":true,"href":"https:\/\/www.petera.se\/blog\/wp-json\/wp\/v2\/tags?post=54"}],"curies":[{"name":"wp","href":"https:\/\/api.w.org\/{rel}","templated":true}]}}