{"id":57,"date":"2008-03-27T22:08:43","date_gmt":"2008-03-27T21:08:43","guid":{"rendered":"http:\/\/www.petera.se\/blog\/ny-titelbild"},"modified":"2008-05-19T23:28:46","modified_gmt":"2008-05-19T21:28:46","slug":"ny-titelbild","status":"publish","type":"post","link":"https:\/\/www.petera.se\/blog\/ny-titelbild","title":{"rendered":"Ny titelbild"},"content":{"rendered":"<p>Vad s\u00e4gs om den nya titelbilden? Den f\u00f6rra var lokalt f\u00f6rankrad, en bild \u00f6ver Sticksj\u00f6n en f\u00f6rsommarkv\u00e4ll f\u00f6r tre \u00e5r sedan. Den nya\u00a0bilden \u00e4r en silhuett \u00f6ver Stockholm sedd fr\u00e5n Djug\u00e5rden och Gr\u00f6na Lund. En underbart vacker kv\u00e4ll f\u00f6rra sommaren d\u00e5 himlen m\u00e5lade upp en av sina sk\u00f6naste aftontavlor.<\/p>\n<p>Det \u00e4r s\u00e5 sk\u00f6nt att vara n\u00f6jd och glad \u00f6ver en bild :D<\/p>\n","protected":false},"excerpt":{"rendered":"<p>Vad s\u00e4gs om den nya titelbilden? Den f\u00f6rra var lokalt f\u00f6rankrad, en bild \u00f6ver Sticksj\u00f6n en f\u00f6rsommarkv\u00e4ll f\u00f6r tre \u00e5r sedan. Den nya\u00a0bilden \u00e4r en silhuett \u00f6ver Stockholm sedd fr\u00e5n Djug\u00e5rden och Gr\u00f6na Lund. En underbart vacker kv\u00e4ll f\u00f6rra sommaren d\u00e5 himlen m\u00e5lade upp en av sina sk\u00f6naste aftontavlor. Det \u00e4r s\u00e5 sk\u00f6nt att vara&hellip;<\/p>\n","protected":false},"author":2,"featured_media":0,"comment_status":"open","ping_status":"open","sticky":false,"template":"","format":"standard","meta":{"ngg_post_thumbnail":0,"footnotes":""},"categories":[5,8],"tags":[1269,126,125,124],"class_list":["post-57","post","type-post","status-publish","format-standard","hentry","category-om-mig","category-varlden","tag-bilder","tag-silhuett","tag-stockholm","tag-titel"],"aioseo_notices":[],"_links":{"self":[{"href":"https:\/\/www.petera.se\/blog\/wp-json\/wp\/v2\/posts\/57","targetHints":{"allow":["GET"]}}],"collection":[{"href":"https:\/\/www.petera.se\/blog\/wp-json\/wp\/v2\/posts"}],"about":[{"href":"https:\/\/www.petera.se\/blog\/wp-json\/wp\/v2\/types\/post"}],"author":[{"embeddable":true,"href":"https:\/\/www.petera.se\/blog\/wp-json\/wp\/v2\/users\/2"}],"replies":[{"embeddable":true,"href":"https:\/\/www.petera.se\/blog\/wp-json\/wp\/v2\/comments?post=57"}],"version-history":[{"count":0,"href":"https:\/\/www.petera.se\/blog\/wp-json\/wp\/v2\/posts\/57\/revisions"}],"wp:attachment":[{"href":"https:\/\/www.petera.se\/blog\/wp-json\/wp\/v2\/media?parent=57"}],"wp:term":[{"taxonomy":"category","embeddable":true,"href":"https:\/\/www.petera.se\/blog\/wp-json\/wp\/v2\/categories?post=57"},{"taxonomy":"post_tag","embeddable":true,"href":"https:\/\/www.petera.se\/blog\/wp-json\/wp\/v2\/tags?post=57"}],"curies":[{"name":"wp","href":"https:\/\/api.w.org\/{rel}","templated":true}]}}