{"id":6,"date":"2008-02-04T22:23:00","date_gmt":"2008-02-04T21:23:00","guid":{"rendered":"http:\/\/www.petera.se\/blog\/?p=6"},"modified":"2008-02-04T22:23:00","modified_gmt":"2008-02-04T21:23:00","slug":"sa-roligt-att-vara-jag","status":"publish","type":"post","link":"https:\/\/www.petera.se\/blog\/sa-roligt-att-vara-jag","title":{"rendered":"S\u00e5 roligt att vara jag"},"content":{"rendered":"<p>Jag \u00e4r mig lik, det \u00e4r s\u00e5 sk\u00f6nt. S\u00e5 fort jag st\u00f6ter p\u00e5 mig efter en stunds fr\u00e5nvaro s\u00e5 k\u00e4nner jag igen mig :) Jag har samma karakt\u00e4ristika som f\u00f6rut, och det ger en omissk\u00e4nnlig smak av s\u00e5nt som v\u00e4cker minnen av mig sj\u00e4lv. Fr\u00e4mst \u00e4r det nog sj\u00e4lvuppoffrarminnet som jag upplever just nu. Efter att l\u00e5ta en vecka g\u00e5 med grymt mycket coola upplevelser &#8211; utan att f\u00e5 tid, nej jag menar hitta tid, \u00e4sch jag menar ta mig tid till att skriva ner dom annat \u00e4n n\u00e5gra kluddiga minnesanteckningar i blocket (med La Sagrada Familia p\u00e5 framsidan ;).<\/p>\n<p>Uppenbart lider jag fortsatt av samma syndrom som f\u00f6rut. Allt annat \u00e4r viktigare \u00e4n mina egna behov. Jag l\u00e5ter annat arbete g\u00e5 f\u00f6re. Jag l\u00e5ter andra m\u00e4nniskor g\u00e5 f\u00f6re. Jag l\u00e4mnar mig sj\u00e4lv till sist. Eller \u00e4r det s\u00e5 att det h\u00e4r \u00e4r ett av mina viktigaste behov &#8211; just att se andras tillfredst\u00e4llelse lysa i \u00f6gonen. Nej, det \u00e4r bara ett f\u00f6rsvar jag bygger upp f\u00f6r att slippa s\u00e4ga nej :)<\/p>\n<p>Faaast, nu \u00e4r det ju inte ens s\u00e5 att jag skulle beh\u00f6va s\u00e4ga nej. Det skulle ju r\u00e4cka med att leverera liite mindre kvalitet och liite mindre m\u00e4ngd i de uppdrag jag har. \u00c4ven om jag upplever mig sj\u00e4lv som lat s\u00e5 skimrar det en aura av arbetskapacitet och enorm produktion omkring mig, och det \u00e4r nog snarare d\u00e4r jag beh\u00f6ver g\u00f6ra upp med myten om mig sj\u00e4lv&#8230; att inte kr\u00e4va\u00a0max av mig sj\u00e4lv utan att kunna prioritera rimligheter i insatser. D\u00e5 skulle jag kunna f\u00e5 in mer av de tankar som far genom huvudet i blogdagboken. Sedan f\u00f6rra inl\u00e4gget har jag ju hunnit tr\u00e4ffa en massa intressanta m\u00e4nniskor &#8211; en generaldirekt\u00f6r, en \u00f6verdirekt\u00f6r, en CIO, en s\u00e4ljchef, en utvecklingschef, en projektkontorschef, en l\u00e4nsdirekt\u00f6r, en vd, en hel ledningsgrupp &#8211;\u00a0f\u00f6r att inte n\u00e4mna\u00a0alla de inspirerande m\u00e4nniskor som omger mig vardagligen. Jag har hittat massor av uppslag och kreativa tankar om hur vi g\u00f6r, vi m\u00e4nniskor, men har inte hunnit med en enda h\u00e4r. Skandal. Jag m\u00e5ste bli b\u00e4ttre!<\/p>\n<p>Och som en extra bit l\u00f6k p\u00e5 laxen s\u00e5 har jag \u00e4gnat en massa tid \u00e5t att leta mig ett riktigt hem. Spaces p\u00e5 Windows Live, nja, jag tror&#8217;nte det va :) Inte det sexigaste blognamnet p\u00e5 en skala. Nu \u00e4r det lite f\u00e5f\u00e4nga som g\u00f6r sig p\u00e5mint ox\u00e5 d\u00e5. Jag tror ju att jag skulle kunna rikta mig till fler \u00e4n mig sj\u00e4lv och jag. Att andra \u00e4n mina olika reflekterande sidor skulle finna n\u00f6je i att l\u00e4sa om reflektions-paradoxen som \u00e4r en s\u00e5 stark del av min vardag.<\/p>\n<p>Jag skulle ocks\u00e5 vilja hitta ett st\u00e4lle d\u00e4r jag kan l\u00e4gga ut texter eller f\u00f6redrag eller bilder p\u00e5 ett b\u00e4ttre s\u00e4tt \u00e4n h\u00e4r. Och det ska bli mitt nya hem. Och som alltid n\u00e4r jag nosar upp n\u00e5t nytt s\u00e5 blir det mitt hetaste \u00e4mne f\u00f6r dagen, just nu \u00e4r det bloghemmet. Den som k\u00e4nner mig k\u00e4nner igen mig :)<\/p>\n<p>Men ingen ide att k\u00f6pa en tallrik om man gl\u00f6mmer att handla yogerten som ska h\u00e4llas i (\u00e5terigen ett grymt d\u00e5ligt metaforexempel (lika d\u00e5ligt som att likna m\u00e5lfokusering vid att stoppa alla hagel i en patron inf\u00f6r f\u00e5geljakten ist\u00e4llet f\u00f6r att kasta hagelkorn f\u00f6r hagelkorn ;))) s\u00e5 jag beh\u00f6ver tr\u00e4na mig mer i att bryta mig loss och skriva av mig h\u00e4r.<\/p>\n<p>F\u00f6rnyelse av l\u00f6ftet&#8230; :)<\/p>\n","protected":false},"excerpt":{"rendered":"<p>Jag \u00e4r mig lik, det \u00e4r s\u00e5 sk\u00f6nt. S\u00e5 fort jag st\u00f6ter p\u00e5 mig efter en stunds fr\u00e5nvaro s\u00e5 k\u00e4nner jag igen mig :) Jag har samma karakt\u00e4ristika som f\u00f6rut, och det ger en omissk\u00e4nnlig smak av s\u00e5nt som v\u00e4cker minnen av mig sj\u00e4lv. Fr\u00e4mst \u00e4r det nog sj\u00e4lvuppoffrarminnet som jag upplever just nu. Efter&hellip;<\/p>\n","protected":false},"author":2,"featured_media":0,"comment_status":"open","ping_status":"open","sticky":false,"template":"","format":"standard","meta":{"ngg_post_thumbnail":0,"footnotes":""},"categories":[5],"tags":[],"class_list":["post-6","post","type-post","status-publish","format-standard","hentry","category-om-mig"],"aioseo_notices":[],"_links":{"self":[{"href":"https:\/\/www.petera.se\/blog\/wp-json\/wp\/v2\/posts\/6","targetHints":{"allow":["GET"]}}],"collection":[{"href":"https:\/\/www.petera.se\/blog\/wp-json\/wp\/v2\/posts"}],"about":[{"href":"https:\/\/www.petera.se\/blog\/wp-json\/wp\/v2\/types\/post"}],"author":[{"embeddable":true,"href":"https:\/\/www.petera.se\/blog\/wp-json\/wp\/v2\/users\/2"}],"replies":[{"embeddable":true,"href":"https:\/\/www.petera.se\/blog\/wp-json\/wp\/v2\/comments?post=6"}],"version-history":[{"count":0,"href":"https:\/\/www.petera.se\/blog\/wp-json\/wp\/v2\/posts\/6\/revisions"}],"wp:attachment":[{"href":"https:\/\/www.petera.se\/blog\/wp-json\/wp\/v2\/media?parent=6"}],"wp:term":[{"taxonomy":"category","embeddable":true,"href":"https:\/\/www.petera.se\/blog\/wp-json\/wp\/v2\/categories?post=6"},{"taxonomy":"post_tag","embeddable":true,"href":"https:\/\/www.petera.se\/blog\/wp-json\/wp\/v2\/tags?post=6"}],"curies":[{"name":"wp","href":"https:\/\/api.w.org\/{rel}","templated":true}]}}